{"id":15139,"date":"2023-03-05T14:16:12","date_gmt":"2023-03-05T13:16:12","guid":{"rendered":"https:\/\/www.cutislaxa.org\/?p=15139"},"modified":"2023-06-28T14:22:58","modified_gmt":"2023-06-28T12:22:58","slug":"rencontres-de-la-dermatologie-venerologie-2023","status":"publish","type":"post","link":"https:\/\/www.cutislaxa.org\/fr\/rencontres-de-la-dermatologie-venerologie-2023\/","title":{"rendered":"Rencontres de la Dermatologie-V\u00e9n\u00e9rologie 2023"},"content":{"rendered":"<p style=\"text-align: center;\"><em>2 et 3 Mars 2023\u00a0:<\/em><\/p>\n<p><img loading=\"lazy\" decoding=\"async\" class=\"alignnone size-medium wp-image-15133 aligncenter\" src=\"https:\/\/www.cutislaxa.org\/wp-content\/uploads\/2023\/06\/IMG_20230303_084035-300x83.jpg\" alt=\"\" width=\"300\" height=\"83\" srcset=\"https:\/\/www.cutislaxa.org\/wp-content\/uploads\/2023\/06\/IMG_20230303_084035-300x83.jpg 300w, https:\/\/www.cutislaxa.org\/wp-content\/uploads\/2023\/06\/IMG_20230303_084035-1030x284.jpg 1030w, https:\/\/www.cutislaxa.org\/wp-content\/uploads\/2023\/06\/IMG_20230303_084035-768x212.jpg 768w, https:\/\/www.cutislaxa.org\/wp-content\/uploads\/2023\/06\/IMG_20230303_084035-1536x423.jpg 1536w, https:\/\/www.cutislaxa.org\/wp-content\/uploads\/2023\/06\/IMG_20230303_084035-2048x564.jpg 2048w, https:\/\/www.cutislaxa.org\/wp-content\/uploads\/2023\/06\/IMG_20230303_084035-1500x413.jpg 1500w, https:\/\/www.cutislaxa.org\/wp-content\/uploads\/2023\/06\/IMG_20230303_084035-705x194.jpg 705w\" sizes=\"auto, (max-width: 300px) 100vw, 300px\" \/><\/p>\n<p style=\"text-align: center;\">Le Syndicat Nationale des Dermatologues-V\u00e9n\u00e9rologues (SNDV) organisait les Rencontres de la Dermatologie V\u00e9n\u00e9rologie (RDV 2023) \u00e0 la Cit\u00e9 des Sciences \u00e0 Paris..<\/p>\n<p style=\"text-align: center;\"><img loading=\"lazy\" decoding=\"async\" class=\"alignnone wp-image-15121\" src=\"https:\/\/www.cutislaxa.org\/wp-content\/uploads\/2023\/06\/IMG_20230302_125618-300x181.jpg\" alt=\"\" width=\"280\" height=\"169\" srcset=\"https:\/\/www.cutislaxa.org\/wp-content\/uploads\/2023\/06\/IMG_20230302_125618-300x181.jpg 300w, https:\/\/www.cutislaxa.org\/wp-content\/uploads\/2023\/06\/IMG_20230302_125618-1030x622.jpg 1030w, https:\/\/www.cutislaxa.org\/wp-content\/uploads\/2023\/06\/IMG_20230302_125618-768x464.jpg 768w, https:\/\/www.cutislaxa.org\/wp-content\/uploads\/2023\/06\/IMG_20230302_125618-1536x928.jpg 1536w, https:\/\/www.cutislaxa.org\/wp-content\/uploads\/2023\/06\/IMG_20230302_125618-2048x1237.jpg 2048w, https:\/\/www.cutislaxa.org\/wp-content\/uploads\/2023\/06\/IMG_20230302_125618-1500x906.jpg 1500w, https:\/\/www.cutislaxa.org\/wp-content\/uploads\/2023\/06\/IMG_20230302_125618-705x426.jpg 705w\" sizes=\"auto, (max-width: 280px) 100vw, 280px\" \/>\u00a0 <img loading=\"lazy\" decoding=\"async\" class=\"alignnone wp-image-15118\" src=\"https:\/\/www.cutislaxa.org\/wp-content\/uploads\/2023\/06\/IMG_20230302_084939-300x225.jpg\" alt=\"\" width=\"226\" height=\"169\" srcset=\"https:\/\/www.cutislaxa.org\/wp-content\/uploads\/2023\/06\/IMG_20230302_084939-300x225.jpg 300w, https:\/\/www.cutislaxa.org\/wp-content\/uploads\/2023\/06\/IMG_20230302_084939-1030x771.jpg 1030w, https:\/\/www.cutislaxa.org\/wp-content\/uploads\/2023\/06\/IMG_20230302_084939-768x575.jpg 768w, https:\/\/www.cutislaxa.org\/wp-content\/uploads\/2023\/06\/IMG_20230302_084939-1536x1150.jpg 1536w, https:\/\/www.cutislaxa.org\/wp-content\/uploads\/2023\/06\/IMG_20230302_084939-2048x1533.jpg 2048w, https:\/\/www.cutislaxa.org\/wp-content\/uploads\/2023\/06\/IMG_20230302_084939-1500x1123.jpg 1500w, https:\/\/www.cutislaxa.org\/wp-content\/uploads\/2023\/06\/IMG_20230302_084939-705x528.jpg 705w\" sizes=\"auto, (max-width: 226px) 100vw, 226px\" \/><\/p>\n<p style=\"text-align: center;\">Le stand de la F\u00e9d\u00e9ration Fran\u00e7aise de la Peau (FFP) \u00e9tait tenu par H\u00e9l\u00e8ne Raynal, secr\u00e9taire de la FFP.<\/p>\n<p style=\"text-align: center;\"><img loading=\"lazy\" decoding=\"async\" class=\"alignnone wp-image-15124\" src=\"https:\/\/www.cutislaxa.org\/wp-content\/uploads\/2023\/06\/IMG_20230302_125732-225x300.jpg\" alt=\"\" width=\"210\" height=\"280\" srcset=\"https:\/\/www.cutislaxa.org\/wp-content\/uploads\/2023\/06\/IMG_20230302_125732-225x300.jpg 225w, https:\/\/www.cutislaxa.org\/wp-content\/uploads\/2023\/06\/IMG_20230302_125732-773x1030.jpg 773w, https:\/\/www.cutislaxa.org\/wp-content\/uploads\/2023\/06\/IMG_20230302_125732-768x1024.jpg 768w, https:\/\/www.cutislaxa.org\/wp-content\/uploads\/2023\/06\/IMG_20230302_125732-1152x1536.jpg 1152w, https:\/\/www.cutislaxa.org\/wp-content\/uploads\/2023\/06\/IMG_20230302_125732-1536x2048.jpg 1536w, https:\/\/www.cutislaxa.org\/wp-content\/uploads\/2023\/06\/IMG_20230302_125732-1125x1500.jpg 1125w, https:\/\/www.cutislaxa.org\/wp-content\/uploads\/2023\/06\/IMG_20230302_125732-529x705.jpg 529w, https:\/\/www.cutislaxa.org\/wp-content\/uploads\/2023\/06\/IMG_20230302_125732-scaled.jpg 1920w\" sizes=\"auto, (max-width: 210px) 100vw, 210px\" \/>\u00a0 <img loading=\"lazy\" decoding=\"async\" class=\"alignnone wp-image-15115\" src=\"https:\/\/www.cutislaxa.org\/wp-content\/uploads\/2023\/06\/1677840189560-300x225.jpg\" alt=\"\" width=\"280\" height=\"210\" srcset=\"https:\/\/www.cutislaxa.org\/wp-content\/uploads\/2023\/06\/1677840189560-300x225.jpg 300w, https:\/\/www.cutislaxa.org\/wp-content\/uploads\/2023\/06\/1677840189560-768x576.jpg 768w, https:\/\/www.cutislaxa.org\/wp-content\/uploads\/2023\/06\/1677840189560-705x529.jpg 705w, https:\/\/www.cutislaxa.org\/wp-content\/uploads\/2023\/06\/1677840189560.jpg 800w\" sizes=\"auto, (max-width: 280px) 100vw, 280px\" \/><\/p>\n<p>Au cours de la table ronde \u00ab Informer et sensibiliser : la Pr\u00e9vention enfin prioritaire \u00bb, Marie-Claude Boiteux est intervenue pour repr\u00e9senter les malades et apporter la contribution des patients pour d\u00e9velopper les prises de conscience.<\/p>\n<p>&nbsp;<\/p>\n<p><img loading=\"lazy\" decoding=\"async\" class=\"alignnone size-medium wp-image-15127 aligncenter\" src=\"https:\/\/www.cutislaxa.org\/wp-content\/uploads\/2023\/06\/IMG_20230302_200046-300x89.jpg\" alt=\"\" width=\"300\" height=\"89\" srcset=\"https:\/\/www.cutislaxa.org\/wp-content\/uploads\/2023\/06\/IMG_20230302_200046-300x89.jpg 300w, https:\/\/www.cutislaxa.org\/wp-content\/uploads\/2023\/06\/IMG_20230302_200046-1030x305.jpg 1030w, https:\/\/www.cutislaxa.org\/wp-content\/uploads\/2023\/06\/IMG_20230302_200046-768x227.jpg 768w, https:\/\/www.cutislaxa.org\/wp-content\/uploads\/2023\/06\/IMG_20230302_200046-1536x454.jpg 1536w, https:\/\/www.cutislaxa.org\/wp-content\/uploads\/2023\/06\/IMG_20230302_200046-2048x606.jpg 2048w, https:\/\/www.cutislaxa.org\/wp-content\/uploads\/2023\/06\/IMG_20230302_200046-1500x444.jpg 1500w, https:\/\/www.cutislaxa.org\/wp-content\/uploads\/2023\/06\/IMG_20230302_200046-705x209.jpg 705w\" sizes=\"auto, (max-width: 300px) 100vw, 300px\" \/><\/p>\n<p><img loading=\"lazy\" decoding=\"async\" class=\"alignnone size-medium wp-image-15130 aligncenter\" src=\"https:\/\/www.cutislaxa.org\/wp-content\/uploads\/2023\/06\/IMG_20230302_202157-233x300.jpg\" alt=\"\" width=\"233\" height=\"300\" srcset=\"https:\/\/www.cutislaxa.org\/wp-content\/uploads\/2023\/06\/IMG_20230302_202157-233x300.jpg 233w, https:\/\/www.cutislaxa.org\/wp-content\/uploads\/2023\/06\/IMG_20230302_202157-801x1030.jpg 801w, https:\/\/www.cutislaxa.org\/wp-content\/uploads\/2023\/06\/IMG_20230302_202157-768x988.jpg 768w, https:\/\/www.cutislaxa.org\/wp-content\/uploads\/2023\/06\/IMG_20230302_202157-1194x1536.jpg 1194w, https:\/\/www.cutislaxa.org\/wp-content\/uploads\/2023\/06\/IMG_20230302_202157-1592x2048.jpg 1592w, https:\/\/www.cutislaxa.org\/wp-content\/uploads\/2023\/06\/IMG_20230302_202157-1166x1500.jpg 1166w, https:\/\/www.cutislaxa.org\/wp-content\/uploads\/2023\/06\/IMG_20230302_202157-548x705.jpg 548w, https:\/\/www.cutislaxa.org\/wp-content\/uploads\/2023\/06\/IMG_20230302_202157.jpg 1835w\" sizes=\"auto, (max-width: 233px) 100vw, 233px\" \/><\/p>\n<p style=\"text-align: center;\">Ces deux jours se sont joliment termin\u00e9s avec une soir\u00e9e cabaret offerte par le SNDV.<\/p>\n","protected":false},"excerpt":{"rendered":"<p>2 et 3 Mars 2023\u00a0: Le Syndicat Nationale des Dermatologues-V\u00e9n\u00e9rologues (SNDV) organisait les Rencontres de la Dermatologie V\u00e9n\u00e9rologie (RDV 2023) \u00e0 la Cit\u00e9 des Sciences \u00e0 Paris.. \u00a0 Le stand de la F\u00e9d\u00e9ration Fran\u00e7aise de la Peau (FFP) \u00e9tait tenu par H\u00e9l\u00e8ne Raynal, secr\u00e9taire de la FFP. \u00a0 Au cours de la table ronde \u00ab [&hellip;]<\/p>\n","protected":false},"author":2,"featured_media":15113,"comment_status":"closed","ping_status":"closed","sticky":false,"template":"","format":"standard","meta":{"footnotes":""},"categories":[63,67,61,66,64],"tags":[],"class_list":["post-15139","post","type-post","status-publish","format-standard","has-post-thumbnail","hentry","category-legislation-society-fr","category-photos-fr","category-quoi-de-neuf","category-recherche-medecine-genetique","category-rencontres-evenements-et-manifestations"],"yoast_head":"<!-- This site is optimized with the Yoast SEO plugin v22.0 - https:\/\/yoast.com\/wordpress\/plugins\/seo\/ -->\n<title>Rencontres de la Dermatologie-V\u00e9n\u00e9rologie 2023 - CUTIS LAXA INTERNATIONALE<\/title>\n<meta name=\"robots\" content=\"index, follow, max-snippet:-1, max-image-preview:large, max-video-preview:-1\" \/>\n<link rel=\"canonical\" href=\"https:\/\/www.cutislaxa.org\/dermatology-and-venereology-meeting-2023\/\" \/>\n<meta property=\"og:locale\" content=\"fr_FR\" \/>\n<meta property=\"og:type\" content=\"article\" \/>\n<meta property=\"og:title\" content=\"Rencontres de la Dermatologie-V\u00e9n\u00e9rologie 2023 - CUTIS LAXA INTERNATIONALE\" \/>\n<meta property=\"og:description\" content=\"2 et 3 Mars 2023\u00a0: Le Syndicat Nationale des Dermatologues-V\u00e9n\u00e9rologues (SNDV) organisait les Rencontres de la Dermatologie V\u00e9n\u00e9rologie (RDV 2023) \u00e0 la Cit\u00e9 des Sciences \u00e0 Paris.. \u00a0 Le stand de la F\u00e9d\u00e9ration Fran\u00e7aise de la Peau (FFP) \u00e9tait tenu par H\u00e9l\u00e8ne Raynal, secr\u00e9taire de la FFP. \u00a0 Au cours de la table ronde \u00ab [&hellip;]\" \/>\n<meta property=\"og:url\" content=\"https:\/\/www.cutislaxa.org\/dermatology-and-venereology-meeting-2023\/\" \/>\n<meta property=\"og:site_name\" content=\"CUTIS LAXA INTERNATIONALE\" \/>\n<meta property=\"article:publisher\" content=\"https:\/\/www.facebook.com\/CutisLaxaAssociation\/\" \/>\n<meta property=\"article:published_time\" content=\"2023-03-05T13:16:12+00:00\" \/>\n<meta property=\"article:modified_time\" content=\"2023-06-28T12:22:58+00:00\" \/>\n<meta property=\"og:image\" content=\"https:\/\/www.cutislaxa.org\/wp-content\/uploads\/2023\/06\/IMG_20230302_103814.jpg\" \/>\n\t<meta property=\"og:image:width\" content=\"1388\" \/>\n\t<meta property=\"og:image:height\" content=\"1461\" \/>\n\t<meta property=\"og:image:type\" content=\"image\/jpeg\" \/>\n<meta name=\"author\" content=\"Marie-Claude\" \/>\n<meta name=\"twitter:card\" content=\"summary_large_image\" \/>\n<meta name=\"twitter:label1\" content=\"\u00c9crit par\" \/>\n\t<meta name=\"twitter:data1\" content=\"Marie-Claude\" \/>\n\t<meta name=\"twitter:label2\" content=\"Dur\u00e9e de lecture estim\u00e9e\" \/>\n\t<meta name=\"twitter:data2\" content=\"2 minutes\" \/>\n<script type=\"application\/ld+json\" class=\"yoast-schema-graph\">{\"@context\":\"https:\/\/schema.org\",\"@graph\":[{\"@type\":\"Article\",\"@id\":\"https:\/\/www.cutislaxa.org\/dermatology-and-venereology-meeting-2023\/#article\",\"isPartOf\":{\"@id\":\"https:\/\/www.cutislaxa.org\/dermatology-and-venereology-meeting-2023\/\"},\"author\":{\"name\":\"Marie-Claude\",\"@id\":\"https:\/\/www.cutislaxa.org\/#\/schema\/person\/2b5e58dca5a6f412607f985f2823d045\"},\"headline\":\"Rencontres de la Dermatologie-V\u00e9n\u00e9rologie 2023\",\"datePublished\":\"2023-03-05T13:16:12+00:00\",\"dateModified\":\"2023-06-28T12:22:58+00:00\",\"mainEntityOfPage\":{\"@id\":\"https:\/\/www.cutislaxa.org\/dermatology-and-venereology-meeting-2023\/\"},\"wordCount\":110,\"publisher\":{\"@id\":\"https:\/\/www.cutislaxa.org\/#organization\"},\"articleSection\":[\"L\u00e9gislation - soci\u00e9t\u00e9\",\"Photos\",\"Quoi de neuf\",\"Recherche - M\u00e9decine - G\u00e9n\u00e9tique\",\"Rencontres, \u00e9v\u00e9nements et manifestations\"],\"inLanguage\":\"fr-FR\"},{\"@type\":\"WebPage\",\"@id\":\"https:\/\/www.cutislaxa.org\/dermatology-and-venereology-meeting-2023\/\",\"url\":\"https:\/\/www.cutislaxa.org\/dermatology-and-venereology-meeting-2023\/\",\"name\":\"Rencontres de la Dermatologie-V\u00e9n\u00e9rologie 2023 - CUTIS LAXA INTERNATIONALE\",\"isPartOf\":{\"@id\":\"https:\/\/www.cutislaxa.org\/#website\"},\"datePublished\":\"2023-03-05T13:16:12+00:00\",\"dateModified\":\"2023-06-28T12:22:58+00:00\",\"breadcrumb\":{\"@id\":\"https:\/\/www.cutislaxa.org\/dermatology-and-venereology-meeting-2023\/#breadcrumb\"},\"inLanguage\":\"fr-FR\",\"potentialAction\":[{\"@type\":\"ReadAction\",\"target\":[\"https:\/\/www.cutislaxa.org\/dermatology-and-venereology-meeting-2023\/\"]}]},{\"@type\":\"BreadcrumbList\",\"@id\":\"https:\/\/www.cutislaxa.org\/dermatology-and-venereology-meeting-2023\/#breadcrumb\",\"itemListElement\":[{\"@type\":\"ListItem\",\"position\":1,\"name\":\"Home\",\"item\":\"https:\/\/www.cutislaxa.org\/fr\/accueil\/\"},{\"@type\":\"ListItem\",\"position\":2,\"name\":\"Rencontres de la Dermatologie-V\u00e9n\u00e9rologie 2023\"}]},{\"@type\":\"WebSite\",\"@id\":\"https:\/\/www.cutislaxa.org\/#website\",\"url\":\"https:\/\/www.cutislaxa.org\/\",\"name\":\"CUTIS LAXA INTERNATIONALE\",\"description\":\"\",\"publisher\":{\"@id\":\"https:\/\/www.cutislaxa.org\/#organization\"},\"potentialAction\":[{\"@type\":\"SearchAction\",\"target\":{\"@type\":\"EntryPoint\",\"urlTemplate\":\"https:\/\/www.cutislaxa.org\/?s={search_term_string}\"},\"query-input\":\"required name=search_term_string\"}],\"inLanguage\":\"fr-FR\"},{\"@type\":\"Organization\",\"@id\":\"https:\/\/www.cutislaxa.org\/#organization\",\"name\":\"Cutis Laxa Internationale\",\"url\":\"https:\/\/www.cutislaxa.org\/\",\"logo\":{\"@type\":\"ImageObject\",\"inLanguage\":\"fr-FR\",\"@id\":\"https:\/\/www.cutislaxa.org\/#\/schema\/logo\/image\/\",\"url\":\"https:\/\/www.cutislaxa.org\/wp-content\/uploads\/2017\/12\/NEW-LOGO-CLI-4.png\",\"contentUrl\":\"https:\/\/www.cutislaxa.org\/wp-content\/uploads\/2017\/12\/NEW-LOGO-CLI-4.png\",\"width\":417,\"height\":120,\"caption\":\"Cutis Laxa Internationale\"},\"image\":{\"@id\":\"https:\/\/www.cutislaxa.org\/#\/schema\/logo\/image\/\"},\"sameAs\":[\"https:\/\/www.facebook.com\/CutisLaxaAssociation\/\"]},{\"@type\":\"Person\",\"@id\":\"https:\/\/www.cutislaxa.org\/#\/schema\/person\/2b5e58dca5a6f412607f985f2823d045\",\"name\":\"Marie-Claude\",\"image\":{\"@type\":\"ImageObject\",\"inLanguage\":\"fr-FR\",\"@id\":\"https:\/\/www.cutislaxa.org\/#\/schema\/person\/image\/\",\"url\":\"https:\/\/secure.gravatar.com\/avatar\/f56014046df7c736afcf45ec2d3ba3e6?s=96&d=mm&r=g\",\"contentUrl\":\"https:\/\/secure.gravatar.com\/avatar\/f56014046df7c736afcf45ec2d3ba3e6?s=96&d=mm&r=g\",\"caption\":\"Marie-Claude\"}}]}<\/script>\n<!-- \/ Yoast SEO plugin. -->","yoast_head_json":{"title":"Rencontres de la Dermatologie-V\u00e9n\u00e9rologie 2023 - CUTIS LAXA INTERNATIONALE","robots":{"index":"index","follow":"follow","max-snippet":"max-snippet:-1","max-image-preview":"max-image-preview:large","max-video-preview":"max-video-preview:-1"},"canonical":"https:\/\/www.cutislaxa.org\/dermatology-and-venereology-meeting-2023\/","og_locale":"fr_FR","og_type":"article","og_title":"Rencontres de la Dermatologie-V\u00e9n\u00e9rologie 2023 - CUTIS LAXA INTERNATIONALE","og_description":"2 et 3 Mars 2023\u00a0: Le Syndicat Nationale des Dermatologues-V\u00e9n\u00e9rologues (SNDV) organisait les Rencontres de la Dermatologie V\u00e9n\u00e9rologie (RDV 2023) \u00e0 la Cit\u00e9 des Sciences \u00e0 Paris.. \u00a0 Le stand de la F\u00e9d\u00e9ration Fran\u00e7aise de la Peau (FFP) \u00e9tait tenu par H\u00e9l\u00e8ne Raynal, secr\u00e9taire de la FFP. \u00a0 Au cours de la table ronde \u00ab [&hellip;]","og_url":"https:\/\/www.cutislaxa.org\/dermatology-and-venereology-meeting-2023\/","og_site_name":"CUTIS LAXA INTERNATIONALE","article_publisher":"https:\/\/www.facebook.com\/CutisLaxaAssociation\/","article_published_time":"2023-03-05T13:16:12+00:00","article_modified_time":"2023-06-28T12:22:58+00:00","og_image":[{"width":1388,"height":1461,"url":"https:\/\/www.cutislaxa.org\/wp-content\/uploads\/2023\/06\/IMG_20230302_103814.jpg","type":"image\/jpeg"}],"author":"Marie-Claude","twitter_card":"summary_large_image","twitter_misc":{"\u00c9crit par":"Marie-Claude","Dur\u00e9e de lecture estim\u00e9e":"2 minutes"},"schema":{"@context":"https:\/\/schema.org","@graph":[{"@type":"Article","@id":"https:\/\/www.cutislaxa.org\/dermatology-and-venereology-meeting-2023\/#article","isPartOf":{"@id":"https:\/\/www.cutislaxa.org\/dermatology-and-venereology-meeting-2023\/"},"author":{"name":"Marie-Claude","@id":"https:\/\/www.cutislaxa.org\/#\/schema\/person\/2b5e58dca5a6f412607f985f2823d045"},"headline":"Rencontres de la Dermatologie-V\u00e9n\u00e9rologie 2023","datePublished":"2023-03-05T13:16:12+00:00","dateModified":"2023-06-28T12:22:58+00:00","mainEntityOfPage":{"@id":"https:\/\/www.cutislaxa.org\/dermatology-and-venereology-meeting-2023\/"},"wordCount":110,"publisher":{"@id":"https:\/\/www.cutislaxa.org\/#organization"},"articleSection":["L\u00e9gislation - soci\u00e9t\u00e9","Photos","Quoi de neuf","Recherche - M\u00e9decine - G\u00e9n\u00e9tique","Rencontres, \u00e9v\u00e9nements et manifestations"],"inLanguage":"fr-FR"},{"@type":"WebPage","@id":"https:\/\/www.cutislaxa.org\/dermatology-and-venereology-meeting-2023\/","url":"https:\/\/www.cutislaxa.org\/dermatology-and-venereology-meeting-2023\/","name":"Rencontres de la Dermatologie-V\u00e9n\u00e9rologie 2023 - CUTIS LAXA INTERNATIONALE","isPartOf":{"@id":"https:\/\/www.cutislaxa.org\/#website"},"datePublished":"2023-03-05T13:16:12+00:00","dateModified":"2023-06-28T12:22:58+00:00","breadcrumb":{"@id":"https:\/\/www.cutislaxa.org\/dermatology-and-venereology-meeting-2023\/#breadcrumb"},"inLanguage":"fr-FR","potentialAction":[{"@type":"ReadAction","target":["https:\/\/www.cutislaxa.org\/dermatology-and-venereology-meeting-2023\/"]}]},{"@type":"BreadcrumbList","@id":"https:\/\/www.cutislaxa.org\/dermatology-and-venereology-meeting-2023\/#breadcrumb","itemListElement":[{"@type":"ListItem","position":1,"name":"Home","item":"https:\/\/www.cutislaxa.org\/fr\/accueil\/"},{"@type":"ListItem","position":2,"name":"Rencontres de la Dermatologie-V\u00e9n\u00e9rologie 2023"}]},{"@type":"WebSite","@id":"https:\/\/www.cutislaxa.org\/#website","url":"https:\/\/www.cutislaxa.org\/","name":"CUTIS LAXA INTERNATIONALE","description":"","publisher":{"@id":"https:\/\/www.cutislaxa.org\/#organization"},"potentialAction":[{"@type":"SearchAction","target":{"@type":"EntryPoint","urlTemplate":"https:\/\/www.cutislaxa.org\/?s={search_term_string}"},"query-input":"required name=search_term_string"}],"inLanguage":"fr-FR"},{"@type":"Organization","@id":"https:\/\/www.cutislaxa.org\/#organization","name":"Cutis Laxa Internationale","url":"https:\/\/www.cutislaxa.org\/","logo":{"@type":"ImageObject","inLanguage":"fr-FR","@id":"https:\/\/www.cutislaxa.org\/#\/schema\/logo\/image\/","url":"https:\/\/www.cutislaxa.org\/wp-content\/uploads\/2017\/12\/NEW-LOGO-CLI-4.png","contentUrl":"https:\/\/www.cutislaxa.org\/wp-content\/uploads\/2017\/12\/NEW-LOGO-CLI-4.png","width":417,"height":120,"caption":"Cutis Laxa Internationale"},"image":{"@id":"https:\/\/www.cutislaxa.org\/#\/schema\/logo\/image\/"},"sameAs":["https:\/\/www.facebook.com\/CutisLaxaAssociation\/"]},{"@type":"Person","@id":"https:\/\/www.cutislaxa.org\/#\/schema\/person\/2b5e58dca5a6f412607f985f2823d045","name":"Marie-Claude","image":{"@type":"ImageObject","inLanguage":"fr-FR","@id":"https:\/\/www.cutislaxa.org\/#\/schema\/person\/image\/","url":"https:\/\/secure.gravatar.com\/avatar\/f56014046df7c736afcf45ec2d3ba3e6?s=96&d=mm&r=g","contentUrl":"https:\/\/secure.gravatar.com\/avatar\/f56014046df7c736afcf45ec2d3ba3e6?s=96&d=mm&r=g","caption":"Marie-Claude"}}]}},"_links":{"self":[{"href":"https:\/\/www.cutislaxa.org\/fr\/wp-json\/wp\/v2\/posts\/15139","targetHints":{"allow":["GET"]}}],"collection":[{"href":"https:\/\/www.cutislaxa.org\/fr\/wp-json\/wp\/v2\/posts"}],"about":[{"href":"https:\/\/www.cutislaxa.org\/fr\/wp-json\/wp\/v2\/types\/post"}],"author":[{"embeddable":true,"href":"https:\/\/www.cutislaxa.org\/fr\/wp-json\/wp\/v2\/users\/2"}],"replies":[{"embeddable":true,"href":"https:\/\/www.cutislaxa.org\/fr\/wp-json\/wp\/v2\/comments?post=15139"}],"version-history":[{"count":2,"href":"https:\/\/www.cutislaxa.org\/fr\/wp-json\/wp\/v2\/posts\/15139\/revisions"}],"predecessor-version":[{"id":15143,"href":"https:\/\/www.cutislaxa.org\/fr\/wp-json\/wp\/v2\/posts\/15139\/revisions\/15143"}],"wp:featuredmedia":[{"embeddable":true,"href":"https:\/\/www.cutislaxa.org\/fr\/wp-json\/wp\/v2\/media\/15113"}],"wp:attachment":[{"href":"https:\/\/www.cutislaxa.org\/fr\/wp-json\/wp\/v2\/media?parent=15139"}],"wp:term":[{"taxonomy":"category","embeddable":true,"href":"https:\/\/www.cutislaxa.org\/fr\/wp-json\/wp\/v2\/categories?post=15139"},{"taxonomy":"post_tag","embeddable":true,"href":"https:\/\/www.cutislaxa.org\/fr\/wp-json\/wp\/v2\/tags?post=15139"}],"curies":[{"name":"wp","href":"https:\/\/api.w.org\/{rel}","templated":true}]}}