{"id":13131,"date":"2022-12-19T16:25:17","date_gmt":"2022-12-19T15:25:17","guid":{"rendered":"https:\/\/www.cutislaxa.org\/?p=13131"},"modified":"2023-01-08T16:29:03","modified_gmt":"2023-01-08T15:29:03","slug":"rare-et-je-vis-avec","status":"publish","type":"post","link":"https:\/\/www.cutislaxa.org\/fr\/rare-et-je-vis-avec\/","title":{"rendered":"\u00ab\u00a0Rare et je vis avec \u00ab\u00a0"},"content":{"rendered":"<p style=\"text-align: center;\">C\u00e9cile a \u00e9t\u00e9 interview\u00e9e par Handicap.fr pour leur nouveau podcast<\/p>\n<p style=\"text-align: center;\">\u00ab\u00a0Rare et je vis avec\u00a0\u00bb.<\/p>\n<p style=\"text-align: center;\">Vous pouvez l&rsquo;\u00e9couter (en Fran\u00e7ais):<\/p>\n<p style=\"text-align: center;\"><a href=\"https:\/\/podcasts.google.com\/feed\/aHR0cHM6Ly9mZWVkcy5hdWRpb21lYW5zLmZyL2ZlZWQvNDYzMDg3ZTUtMzE5NC00YTY1LTlkNGUtZjc4YjQ2ZGQzYjNkLnhtbA?sa=X&amp;ved=2ahUKEwi8iafto5T7AhV4RqQEHVokDeUQ9sEGegQIARAC\">sur google<\/a><\/p>\n<p style=\"text-align: center;\">Ou lire le r\u00e9sum\u00e9:<\/p>\n<p style=\"text-align: center;\"><a href=\"https:\/\/informations.handicap.fr\/a-podcast-rare-et-je-vis-avec-cecile-episode9-34135.php\">ICI<\/a><\/p>\n","protected":false},"excerpt":{"rendered":"<p>C\u00e9cile a \u00e9t\u00e9 interview\u00e9e par Handicap.fr pour leur nouveau podcast \u00ab\u00a0Rare et je vis avec\u00a0\u00bb. Vous pouvez l&rsquo;\u00e9couter (en Fran\u00e7ais): sur google Ou lire le r\u00e9sum\u00e9: ICI<\/p>\n","protected":false},"author":2,"featured_media":13127,"comment_status":"closed","ping_status":"closed","sticky":false,"template":"","format":"standard","meta":{"footnotes":""},"categories":[63,62,61,102],"tags":[],"class_list":["post-13131","post","type-post","status-publish","format-standard","has-post-thumbnail","hentry","category-legislation-society-fr","category-medias","category-quoi-de-neuf","category-video-fr"],"yoast_head":"<!-- This site is optimized with the Yoast SEO plugin v22.0 - https:\/\/yoast.com\/wordpress\/plugins\/seo\/ -->\n<title>&quot;Rare et je vis avec &quot; - CUTIS LAXA INTERNATIONALE<\/title>\n<meta name=\"robots\" content=\"index, follow, max-snippet:-1, max-image-preview:large, max-video-preview:-1\" \/>\n<link rel=\"canonical\" href=\"https:\/\/www.cutislaxa.org\/rare-and-i-live-with-it\/\" \/>\n<meta property=\"og:locale\" content=\"fr_FR\" \/>\n<meta property=\"og:type\" content=\"article\" \/>\n<meta property=\"og:title\" content=\"&quot;Rare et je vis avec &quot; - CUTIS LAXA INTERNATIONALE\" \/>\n<meta property=\"og:description\" content=\"C\u00e9cile a \u00e9t\u00e9 interview\u00e9e par Handicap.fr pour leur nouveau podcast \u00ab\u00a0Rare et je vis avec\u00a0\u00bb. Vous pouvez l&rsquo;\u00e9couter (en Fran\u00e7ais): sur google Ou lire le r\u00e9sum\u00e9: ICI\" \/>\n<meta property=\"og:url\" content=\"https:\/\/www.cutislaxa.org\/rare-and-i-live-with-it\/\" \/>\n<meta property=\"og:site_name\" content=\"CUTIS LAXA INTERNATIONALE\" \/>\n<meta property=\"article:publisher\" content=\"https:\/\/www.facebook.com\/CutisLaxaAssociation\/\" \/>\n<meta property=\"article:published_time\" content=\"2022-12-19T15:25:17+00:00\" \/>\n<meta property=\"article:modified_time\" content=\"2023-01-08T15:29:03+00:00\" \/>\n<meta property=\"og:image\" content=\"https:\/\/www.cutislaxa.org\/wp-content\/uploads\/2023\/01\/Podcast-Cecile.jpg\" \/>\n\t<meta property=\"og:image:width\" content=\"500\" \/>\n\t<meta property=\"og:image:height\" content=\"300\" \/>\n\t<meta property=\"og:image:type\" content=\"image\/jpeg\" \/>\n<meta name=\"author\" content=\"Marie-Claude\" \/>\n<meta name=\"twitter:card\" content=\"summary_large_image\" \/>\n<meta name=\"twitter:label1\" content=\"\u00c9crit par\" \/>\n\t<meta name=\"twitter:data1\" content=\"Marie-Claude\" \/>\n\t<meta name=\"twitter:label2\" content=\"Dur\u00e9e de lecture estim\u00e9e\" \/>\n\t<meta name=\"twitter:data2\" content=\"1 minute\" \/>\n<script type=\"application\/ld+json\" class=\"yoast-schema-graph\">{\"@context\":\"https:\/\/schema.org\",\"@graph\":[{\"@type\":\"Article\",\"@id\":\"https:\/\/www.cutislaxa.org\/rare-and-i-live-with-it\/#article\",\"isPartOf\":{\"@id\":\"https:\/\/www.cutislaxa.org\/rare-and-i-live-with-it\/\"},\"author\":{\"name\":\"Marie-Claude\",\"@id\":\"https:\/\/www.cutislaxa.org\/#\/schema\/person\/2b5e58dca5a6f412607f985f2823d045\"},\"headline\":\"\u00ab\u00a0Rare et je vis avec \u00ab\u00a0\",\"datePublished\":\"2022-12-19T15:25:17+00:00\",\"dateModified\":\"2023-01-08T15:29:03+00:00\",\"mainEntityOfPage\":{\"@id\":\"https:\/\/www.cutislaxa.org\/rare-and-i-live-with-it\/\"},\"wordCount\":38,\"publisher\":{\"@id\":\"https:\/\/www.cutislaxa.org\/#organization\"},\"articleSection\":[\"L\u00e9gislation - soci\u00e9t\u00e9\",\"M\u00e9dias\",\"Quoi de neuf\",\"Vid\u00e9o\"],\"inLanguage\":\"fr-FR\"},{\"@type\":\"WebPage\",\"@id\":\"https:\/\/www.cutislaxa.org\/rare-and-i-live-with-it\/\",\"url\":\"https:\/\/www.cutislaxa.org\/rare-and-i-live-with-it\/\",\"name\":\"\\\"Rare et je vis avec \\\" - CUTIS LAXA INTERNATIONALE\",\"isPartOf\":{\"@id\":\"https:\/\/www.cutislaxa.org\/#website\"},\"datePublished\":\"2022-12-19T15:25:17+00:00\",\"dateModified\":\"2023-01-08T15:29:03+00:00\",\"breadcrumb\":{\"@id\":\"https:\/\/www.cutislaxa.org\/rare-and-i-live-with-it\/#breadcrumb\"},\"inLanguage\":\"fr-FR\",\"potentialAction\":[{\"@type\":\"ReadAction\",\"target\":[\"https:\/\/www.cutislaxa.org\/rare-and-i-live-with-it\/\"]}]},{\"@type\":\"BreadcrumbList\",\"@id\":\"https:\/\/www.cutislaxa.org\/rare-and-i-live-with-it\/#breadcrumb\",\"itemListElement\":[{\"@type\":\"ListItem\",\"position\":1,\"name\":\"Home\",\"item\":\"https:\/\/www.cutislaxa.org\/fr\/accueil\/\"},{\"@type\":\"ListItem\",\"position\":2,\"name\":\"&#8220;Rare et je vis avec &#8220;\"}]},{\"@type\":\"WebSite\",\"@id\":\"https:\/\/www.cutislaxa.org\/#website\",\"url\":\"https:\/\/www.cutislaxa.org\/\",\"name\":\"CUTIS LAXA INTERNATIONALE\",\"description\":\"\",\"publisher\":{\"@id\":\"https:\/\/www.cutislaxa.org\/#organization\"},\"potentialAction\":[{\"@type\":\"SearchAction\",\"target\":{\"@type\":\"EntryPoint\",\"urlTemplate\":\"https:\/\/www.cutislaxa.org\/?s={search_term_string}\"},\"query-input\":\"required name=search_term_string\"}],\"inLanguage\":\"fr-FR\"},{\"@type\":\"Organization\",\"@id\":\"https:\/\/www.cutislaxa.org\/#organization\",\"name\":\"Cutis Laxa Internationale\",\"url\":\"https:\/\/www.cutislaxa.org\/\",\"logo\":{\"@type\":\"ImageObject\",\"inLanguage\":\"fr-FR\",\"@id\":\"https:\/\/www.cutislaxa.org\/#\/schema\/logo\/image\/\",\"url\":\"https:\/\/www.cutislaxa.org\/wp-content\/uploads\/2017\/12\/NEW-LOGO-CLI-4.png\",\"contentUrl\":\"https:\/\/www.cutislaxa.org\/wp-content\/uploads\/2017\/12\/NEW-LOGO-CLI-4.png\",\"width\":417,\"height\":120,\"caption\":\"Cutis Laxa Internationale\"},\"image\":{\"@id\":\"https:\/\/www.cutislaxa.org\/#\/schema\/logo\/image\/\"},\"sameAs\":[\"https:\/\/www.facebook.com\/CutisLaxaAssociation\/\"]},{\"@type\":\"Person\",\"@id\":\"https:\/\/www.cutislaxa.org\/#\/schema\/person\/2b5e58dca5a6f412607f985f2823d045\",\"name\":\"Marie-Claude\",\"image\":{\"@type\":\"ImageObject\",\"inLanguage\":\"fr-FR\",\"@id\":\"https:\/\/www.cutislaxa.org\/#\/schema\/person\/image\/\",\"url\":\"https:\/\/secure.gravatar.com\/avatar\/f56014046df7c736afcf45ec2d3ba3e6?s=96&d=mm&r=g\",\"contentUrl\":\"https:\/\/secure.gravatar.com\/avatar\/f56014046df7c736afcf45ec2d3ba3e6?s=96&d=mm&r=g\",\"caption\":\"Marie-Claude\"}}]}<\/script>\n<!-- \/ Yoast SEO plugin. -->","yoast_head_json":{"title":"\"Rare et je vis avec \" - CUTIS LAXA INTERNATIONALE","robots":{"index":"index","follow":"follow","max-snippet":"max-snippet:-1","max-image-preview":"max-image-preview:large","max-video-preview":"max-video-preview:-1"},"canonical":"https:\/\/www.cutislaxa.org\/rare-and-i-live-with-it\/","og_locale":"fr_FR","og_type":"article","og_title":"\"Rare et je vis avec \" - CUTIS LAXA INTERNATIONALE","og_description":"C\u00e9cile a \u00e9t\u00e9 interview\u00e9e par Handicap.fr pour leur nouveau podcast \u00ab\u00a0Rare et je vis avec\u00a0\u00bb. Vous pouvez l&rsquo;\u00e9couter (en Fran\u00e7ais): sur google Ou lire le r\u00e9sum\u00e9: ICI","og_url":"https:\/\/www.cutislaxa.org\/rare-and-i-live-with-it\/","og_site_name":"CUTIS LAXA INTERNATIONALE","article_publisher":"https:\/\/www.facebook.com\/CutisLaxaAssociation\/","article_published_time":"2022-12-19T15:25:17+00:00","article_modified_time":"2023-01-08T15:29:03+00:00","og_image":[{"width":500,"height":300,"url":"https:\/\/www.cutislaxa.org\/wp-content\/uploads\/2023\/01\/Podcast-Cecile.jpg","type":"image\/jpeg"}],"author":"Marie-Claude","twitter_card":"summary_large_image","twitter_misc":{"\u00c9crit par":"Marie-Claude","Dur\u00e9e de lecture estim\u00e9e":"1 minute"},"schema":{"@context":"https:\/\/schema.org","@graph":[{"@type":"Article","@id":"https:\/\/www.cutislaxa.org\/rare-and-i-live-with-it\/#article","isPartOf":{"@id":"https:\/\/www.cutislaxa.org\/rare-and-i-live-with-it\/"},"author":{"name":"Marie-Claude","@id":"https:\/\/www.cutislaxa.org\/#\/schema\/person\/2b5e58dca5a6f412607f985f2823d045"},"headline":"\u00ab\u00a0Rare et je vis avec \u00ab\u00a0","datePublished":"2022-12-19T15:25:17+00:00","dateModified":"2023-01-08T15:29:03+00:00","mainEntityOfPage":{"@id":"https:\/\/www.cutislaxa.org\/rare-and-i-live-with-it\/"},"wordCount":38,"publisher":{"@id":"https:\/\/www.cutislaxa.org\/#organization"},"articleSection":["L\u00e9gislation - soci\u00e9t\u00e9","M\u00e9dias","Quoi de neuf","Vid\u00e9o"],"inLanguage":"fr-FR"},{"@type":"WebPage","@id":"https:\/\/www.cutislaxa.org\/rare-and-i-live-with-it\/","url":"https:\/\/www.cutislaxa.org\/rare-and-i-live-with-it\/","name":"\"Rare et je vis avec \" - CUTIS LAXA INTERNATIONALE","isPartOf":{"@id":"https:\/\/www.cutislaxa.org\/#website"},"datePublished":"2022-12-19T15:25:17+00:00","dateModified":"2023-01-08T15:29:03+00:00","breadcrumb":{"@id":"https:\/\/www.cutislaxa.org\/rare-and-i-live-with-it\/#breadcrumb"},"inLanguage":"fr-FR","potentialAction":[{"@type":"ReadAction","target":["https:\/\/www.cutislaxa.org\/rare-and-i-live-with-it\/"]}]},{"@type":"BreadcrumbList","@id":"https:\/\/www.cutislaxa.org\/rare-and-i-live-with-it\/#breadcrumb","itemListElement":[{"@type":"ListItem","position":1,"name":"Home","item":"https:\/\/www.cutislaxa.org\/fr\/accueil\/"},{"@type":"ListItem","position":2,"name":"&#8220;Rare et je vis avec &#8220;"}]},{"@type":"WebSite","@id":"https:\/\/www.cutislaxa.org\/#website","url":"https:\/\/www.cutislaxa.org\/","name":"CUTIS LAXA INTERNATIONALE","description":"","publisher":{"@id":"https:\/\/www.cutislaxa.org\/#organization"},"potentialAction":[{"@type":"SearchAction","target":{"@type":"EntryPoint","urlTemplate":"https:\/\/www.cutislaxa.org\/?s={search_term_string}"},"query-input":"required name=search_term_string"}],"inLanguage":"fr-FR"},{"@type":"Organization","@id":"https:\/\/www.cutislaxa.org\/#organization","name":"Cutis Laxa Internationale","url":"https:\/\/www.cutislaxa.org\/","logo":{"@type":"ImageObject","inLanguage":"fr-FR","@id":"https:\/\/www.cutislaxa.org\/#\/schema\/logo\/image\/","url":"https:\/\/www.cutislaxa.org\/wp-content\/uploads\/2017\/12\/NEW-LOGO-CLI-4.png","contentUrl":"https:\/\/www.cutislaxa.org\/wp-content\/uploads\/2017\/12\/NEW-LOGO-CLI-4.png","width":417,"height":120,"caption":"Cutis Laxa Internationale"},"image":{"@id":"https:\/\/www.cutislaxa.org\/#\/schema\/logo\/image\/"},"sameAs":["https:\/\/www.facebook.com\/CutisLaxaAssociation\/"]},{"@type":"Person","@id":"https:\/\/www.cutislaxa.org\/#\/schema\/person\/2b5e58dca5a6f412607f985f2823d045","name":"Marie-Claude","image":{"@type":"ImageObject","inLanguage":"fr-FR","@id":"https:\/\/www.cutislaxa.org\/#\/schema\/person\/image\/","url":"https:\/\/secure.gravatar.com\/avatar\/f56014046df7c736afcf45ec2d3ba3e6?s=96&d=mm&r=g","contentUrl":"https:\/\/secure.gravatar.com\/avatar\/f56014046df7c736afcf45ec2d3ba3e6?s=96&d=mm&r=g","caption":"Marie-Claude"}}]}},"_links":{"self":[{"href":"https:\/\/www.cutislaxa.org\/fr\/wp-json\/wp\/v2\/posts\/13131","targetHints":{"allow":["GET"]}}],"collection":[{"href":"https:\/\/www.cutislaxa.org\/fr\/wp-json\/wp\/v2\/posts"}],"about":[{"href":"https:\/\/www.cutislaxa.org\/fr\/wp-json\/wp\/v2\/types\/post"}],"author":[{"embeddable":true,"href":"https:\/\/www.cutislaxa.org\/fr\/wp-json\/wp\/v2\/users\/2"}],"replies":[{"embeddable":true,"href":"https:\/\/www.cutislaxa.org\/fr\/wp-json\/wp\/v2\/comments?post=13131"}],"version-history":[{"count":2,"href":"https:\/\/www.cutislaxa.org\/fr\/wp-json\/wp\/v2\/posts\/13131\/revisions"}],"predecessor-version":[{"id":13134,"href":"https:\/\/www.cutislaxa.org\/fr\/wp-json\/wp\/v2\/posts\/13131\/revisions\/13134"}],"wp:featuredmedia":[{"embeddable":true,"href":"https:\/\/www.cutislaxa.org\/fr\/wp-json\/wp\/v2\/media\/13127"}],"wp:attachment":[{"href":"https:\/\/www.cutislaxa.org\/fr\/wp-json\/wp\/v2\/media?parent=13131"}],"wp:term":[{"taxonomy":"category","embeddable":true,"href":"https:\/\/www.cutislaxa.org\/fr\/wp-json\/wp\/v2\/categories?post=13131"},{"taxonomy":"post_tag","embeddable":true,"href":"https:\/\/www.cutislaxa.org\/fr\/wp-json\/wp\/v2\/tags?post=13131"}],"curies":[{"name":"wp","href":"https:\/\/api.w.org\/{rel}","templated":true}]}}