{"id":6593,"date":"2018-03-30T13:20:32","date_gmt":"2018-03-30T13:20:32","guid":{"rendered":"http:\/\/www.cutislaxa.org\/?p=6593"},"modified":"2018-09-20T13:21:54","modified_gmt":"2018-09-20T13:21:54","slug":"una-nueva-forma-de-cutis-laxa","status":"publish","type":"post","link":"https:\/\/www.cutislaxa.org\/es\/una-nueva-forma-de-cutis-laxa\/","title":{"rendered":"Una nueva forma de Cutis Laxa"},"content":{"rendered":"<p>En marzo, una publicaci\u00f3n de American Journal of Medecine Genetics mostr\u00f3 que una mutaci\u00f3n del gen PTDSS1 \u00a0provocaba una forma extremadamente rara de Cutis Laxa: el s\u00edndrome de Lenz-Majewski (LMS) que contiene Cutis Laxa asociada con un retraso de crecimiento, un enanismo y un retraso intelectual. Se trata all\u00ed, seg\u00fan este estudio de 3 casos, de una nueva forma de Cutis Laxa que conviene a\u00f1adirles a las que son ya catalogadas.<\/p>\n","protected":false},"excerpt":{"rendered":"<p>En marzo, una publicaci\u00f3n de American Journal of Medecine Genetics mostr\u00f3 que una mutaci\u00f3n del gen PTDSS1 \u00a0provocaba una forma extremadamente rara de Cutis Laxa: el s\u00edndrome de Lenz-Majewski (LMS) que contiene Cutis Laxa asociada con un retraso de crecimiento, un enanismo y un retraso intelectual. Se trata all\u00ed, seg\u00fan este estudio de 3 casos, [&hellip;]<\/p>\n","protected":false},"author":2,"featured_media":6594,"comment_status":"closed","ping_status":"closed","sticky":false,"template":"","format":"standard","meta":{"footnotes":""},"categories":[74,79,73],"tags":[],"class_list":["post-6593","post","type-post","status-publish","format-standard","has-post-thumbnail","hentry","category-investigacion","category-investigacion-medicina-genetica","category-number-mutations-es"],"yoast_head":"<!-- This site is optimized with the Yoast SEO plugin v22.0 - https:\/\/yoast.com\/wordpress\/plugins\/seo\/ -->\n<title>Una nueva forma de Cutis Laxa - CUTIS LAXA INTERNATIONALE<\/title>\n<meta name=\"robots\" content=\"index, follow, max-snippet:-1, max-image-preview:large, max-video-preview:-1\" \/>\n<link rel=\"canonical\" href=\"https:\/\/www.cutislaxa.org\/a-new-type-of-cutis-laxa\/\" \/>\n<meta property=\"og:locale\" content=\"es_ES\" \/>\n<meta property=\"og:type\" content=\"article\" \/>\n<meta property=\"og:title\" content=\"Una nueva forma de Cutis Laxa - CUTIS LAXA INTERNATIONALE\" \/>\n<meta property=\"og:description\" content=\"En marzo, una publicaci\u00f3n de American Journal of Medecine Genetics mostr\u00f3 que una mutaci\u00f3n del gen PTDSS1 \u00a0provocaba una forma extremadamente rara de Cutis Laxa: el s\u00edndrome de Lenz-Majewski (LMS) que contiene Cutis Laxa asociada con un retraso de crecimiento, un enanismo y un retraso intelectual. Se trata all\u00ed, seg\u00fan este estudio de 3 casos, [&hellip;]\" \/>\n<meta property=\"og:url\" content=\"https:\/\/www.cutislaxa.org\/a-new-type-of-cutis-laxa\/\" \/>\n<meta property=\"og:site_name\" content=\"CUTIS LAXA INTERNATIONALE\" \/>\n<meta property=\"article:publisher\" content=\"https:\/\/www.facebook.com\/CutisLaxaAssociation\/\" \/>\n<meta property=\"article:published_time\" content=\"2018-03-30T13:20:32+00:00\" \/>\n<meta property=\"article:modified_time\" content=\"2018-09-20T13:21:54+00:00\" \/>\n<meta property=\"og:image\" content=\"https:\/\/www.cutislaxa.org\/wp-content\/uploads\/2017\/07\/gene-small.jpg\" \/>\n\t<meta property=\"og:image:width\" content=\"300\" \/>\n\t<meta property=\"og:image:height\" content=\"169\" \/>\n\t<meta property=\"og:image:type\" content=\"image\/jpeg\" \/>\n<meta name=\"author\" content=\"Marie-Claude\" \/>\n<meta name=\"twitter:card\" content=\"summary_large_image\" \/>\n<meta name=\"twitter:label1\" content=\"Escrito por\" \/>\n\t<meta name=\"twitter:data1\" content=\"Marie-Claude\" \/>\n<script type=\"application\/ld+json\" class=\"yoast-schema-graph\">{\"@context\":\"https:\/\/schema.org\",\"@graph\":[{\"@type\":\"Article\",\"@id\":\"https:\/\/www.cutislaxa.org\/a-new-type-of-cutis-laxa\/#article\",\"isPartOf\":{\"@id\":\"https:\/\/www.cutislaxa.org\/a-new-type-of-cutis-laxa\/\"},\"author\":{\"name\":\"Marie-Claude\",\"@id\":\"https:\/\/www.cutislaxa.org\/#\/schema\/person\/2b5e58dca5a6f412607f985f2823d045\"},\"headline\":\"Una nueva forma de Cutis Laxa\",\"datePublished\":\"2018-03-30T13:20:32+00:00\",\"dateModified\":\"2018-09-20T13:21:54+00:00\",\"mainEntityOfPage\":{\"@id\":\"https:\/\/www.cutislaxa.org\/a-new-type-of-cutis-laxa\/\"},\"wordCount\":81,\"publisher\":{\"@id\":\"https:\/\/www.cutislaxa.org\/#organization\"},\"articleSection\":[\"Investigaci\u00f3n\",\"Investigaci\u00f3n- Medicina - Gen\u00e9tica\",\"Mutations\"],\"inLanguage\":\"es\"},{\"@type\":\"WebPage\",\"@id\":\"https:\/\/www.cutislaxa.org\/a-new-type-of-cutis-laxa\/\",\"url\":\"https:\/\/www.cutislaxa.org\/a-new-type-of-cutis-laxa\/\",\"name\":\"Una nueva forma de Cutis Laxa - CUTIS LAXA INTERNATIONALE\",\"isPartOf\":{\"@id\":\"https:\/\/www.cutislaxa.org\/#website\"},\"datePublished\":\"2018-03-30T13:20:32+00:00\",\"dateModified\":\"2018-09-20T13:21:54+00:00\",\"breadcrumb\":{\"@id\":\"https:\/\/www.cutislaxa.org\/a-new-type-of-cutis-laxa\/#breadcrumb\"},\"inLanguage\":\"es\",\"potentialAction\":[{\"@type\":\"ReadAction\",\"target\":[\"https:\/\/www.cutislaxa.org\/a-new-type-of-cutis-laxa\/\"]}]},{\"@type\":\"BreadcrumbList\",\"@id\":\"https:\/\/www.cutislaxa.org\/a-new-type-of-cutis-laxa\/#breadcrumb\",\"itemListElement\":[{\"@type\":\"ListItem\",\"position\":1,\"name\":\"Home\",\"item\":\"https:\/\/www.cutislaxa.org\/es\/bienvenida\/\"},{\"@type\":\"ListItem\",\"position\":2,\"name\":\"Una nueva forma de Cutis Laxa\"}]},{\"@type\":\"WebSite\",\"@id\":\"https:\/\/www.cutislaxa.org\/#website\",\"url\":\"https:\/\/www.cutislaxa.org\/\",\"name\":\"CUTIS LAXA INTERNATIONALE\",\"description\":\"\",\"publisher\":{\"@id\":\"https:\/\/www.cutislaxa.org\/#organization\"},\"potentialAction\":[{\"@type\":\"SearchAction\",\"target\":{\"@type\":\"EntryPoint\",\"urlTemplate\":\"https:\/\/www.cutislaxa.org\/?s={search_term_string}\"},\"query-input\":\"required name=search_term_string\"}],\"inLanguage\":\"es\"},{\"@type\":\"Organization\",\"@id\":\"https:\/\/www.cutislaxa.org\/#organization\",\"name\":\"Cutis Laxa Internationale\",\"url\":\"https:\/\/www.cutislaxa.org\/\",\"logo\":{\"@type\":\"ImageObject\",\"inLanguage\":\"es\",\"@id\":\"https:\/\/www.cutislaxa.org\/#\/schema\/logo\/image\/\",\"url\":\"https:\/\/www.cutislaxa.org\/wp-content\/uploads\/2017\/12\/NEW-LOGO-CLI-4.png\",\"contentUrl\":\"https:\/\/www.cutislaxa.org\/wp-content\/uploads\/2017\/12\/NEW-LOGO-CLI-4.png\",\"width\":417,\"height\":120,\"caption\":\"Cutis Laxa Internationale\"},\"image\":{\"@id\":\"https:\/\/www.cutislaxa.org\/#\/schema\/logo\/image\/\"},\"sameAs\":[\"https:\/\/www.facebook.com\/CutisLaxaAssociation\/\"]},{\"@type\":\"Person\",\"@id\":\"https:\/\/www.cutislaxa.org\/#\/schema\/person\/2b5e58dca5a6f412607f985f2823d045\",\"name\":\"Marie-Claude\",\"image\":{\"@type\":\"ImageObject\",\"inLanguage\":\"es\",\"@id\":\"https:\/\/www.cutislaxa.org\/#\/schema\/person\/image\/\",\"url\":\"https:\/\/secure.gravatar.com\/avatar\/f56014046df7c736afcf45ec2d3ba3e6?s=96&d=mm&r=g\",\"contentUrl\":\"https:\/\/secure.gravatar.com\/avatar\/f56014046df7c736afcf45ec2d3ba3e6?s=96&d=mm&r=g\",\"caption\":\"Marie-Claude\"}}]}<\/script>\n<!-- \/ Yoast SEO plugin. -->","yoast_head_json":{"title":"Una nueva forma de Cutis Laxa - CUTIS LAXA INTERNATIONALE","robots":{"index":"index","follow":"follow","max-snippet":"max-snippet:-1","max-image-preview":"max-image-preview:large","max-video-preview":"max-video-preview:-1"},"canonical":"https:\/\/www.cutislaxa.org\/a-new-type-of-cutis-laxa\/","og_locale":"es_ES","og_type":"article","og_title":"Una nueva forma de Cutis Laxa - CUTIS LAXA INTERNATIONALE","og_description":"En marzo, una publicaci\u00f3n de American Journal of Medecine Genetics mostr\u00f3 que una mutaci\u00f3n del gen PTDSS1 \u00a0provocaba una forma extremadamente rara de Cutis Laxa: el s\u00edndrome de Lenz-Majewski (LMS) que contiene Cutis Laxa asociada con un retraso de crecimiento, un enanismo y un retraso intelectual. Se trata all\u00ed, seg\u00fan este estudio de 3 casos, [&hellip;]","og_url":"https:\/\/www.cutislaxa.org\/a-new-type-of-cutis-laxa\/","og_site_name":"CUTIS LAXA INTERNATIONALE","article_publisher":"https:\/\/www.facebook.com\/CutisLaxaAssociation\/","article_published_time":"2018-03-30T13:20:32+00:00","article_modified_time":"2018-09-20T13:21:54+00:00","og_image":[{"width":300,"height":169,"url":"https:\/\/www.cutislaxa.org\/wp-content\/uploads\/2017\/07\/gene-small.jpg","type":"image\/jpeg"}],"author":"Marie-Claude","twitter_card":"summary_large_image","twitter_misc":{"Escrito por":"Marie-Claude"},"schema":{"@context":"https:\/\/schema.org","@graph":[{"@type":"Article","@id":"https:\/\/www.cutislaxa.org\/a-new-type-of-cutis-laxa\/#article","isPartOf":{"@id":"https:\/\/www.cutislaxa.org\/a-new-type-of-cutis-laxa\/"},"author":{"name":"Marie-Claude","@id":"https:\/\/www.cutislaxa.org\/#\/schema\/person\/2b5e58dca5a6f412607f985f2823d045"},"headline":"Una nueva forma de Cutis Laxa","datePublished":"2018-03-30T13:20:32+00:00","dateModified":"2018-09-20T13:21:54+00:00","mainEntityOfPage":{"@id":"https:\/\/www.cutislaxa.org\/a-new-type-of-cutis-laxa\/"},"wordCount":81,"publisher":{"@id":"https:\/\/www.cutislaxa.org\/#organization"},"articleSection":["Investigaci\u00f3n","Investigaci\u00f3n- Medicina - Gen\u00e9tica","Mutations"],"inLanguage":"es"},{"@type":"WebPage","@id":"https:\/\/www.cutislaxa.org\/a-new-type-of-cutis-laxa\/","url":"https:\/\/www.cutislaxa.org\/a-new-type-of-cutis-laxa\/","name":"Una nueva forma de Cutis Laxa - CUTIS LAXA INTERNATIONALE","isPartOf":{"@id":"https:\/\/www.cutislaxa.org\/#website"},"datePublished":"2018-03-30T13:20:32+00:00","dateModified":"2018-09-20T13:21:54+00:00","breadcrumb":{"@id":"https:\/\/www.cutislaxa.org\/a-new-type-of-cutis-laxa\/#breadcrumb"},"inLanguage":"es","potentialAction":[{"@type":"ReadAction","target":["https:\/\/www.cutislaxa.org\/a-new-type-of-cutis-laxa\/"]}]},{"@type":"BreadcrumbList","@id":"https:\/\/www.cutislaxa.org\/a-new-type-of-cutis-laxa\/#breadcrumb","itemListElement":[{"@type":"ListItem","position":1,"name":"Home","item":"https:\/\/www.cutislaxa.org\/es\/bienvenida\/"},{"@type":"ListItem","position":2,"name":"Una nueva forma de Cutis Laxa"}]},{"@type":"WebSite","@id":"https:\/\/www.cutislaxa.org\/#website","url":"https:\/\/www.cutislaxa.org\/","name":"CUTIS LAXA INTERNATIONALE","description":"","publisher":{"@id":"https:\/\/www.cutislaxa.org\/#organization"},"potentialAction":[{"@type":"SearchAction","target":{"@type":"EntryPoint","urlTemplate":"https:\/\/www.cutislaxa.org\/?s={search_term_string}"},"query-input":"required name=search_term_string"}],"inLanguage":"es"},{"@type":"Organization","@id":"https:\/\/www.cutislaxa.org\/#organization","name":"Cutis Laxa Internationale","url":"https:\/\/www.cutislaxa.org\/","logo":{"@type":"ImageObject","inLanguage":"es","@id":"https:\/\/www.cutislaxa.org\/#\/schema\/logo\/image\/","url":"https:\/\/www.cutislaxa.org\/wp-content\/uploads\/2017\/12\/NEW-LOGO-CLI-4.png","contentUrl":"https:\/\/www.cutislaxa.org\/wp-content\/uploads\/2017\/12\/NEW-LOGO-CLI-4.png","width":417,"height":120,"caption":"Cutis Laxa Internationale"},"image":{"@id":"https:\/\/www.cutislaxa.org\/#\/schema\/logo\/image\/"},"sameAs":["https:\/\/www.facebook.com\/CutisLaxaAssociation\/"]},{"@type":"Person","@id":"https:\/\/www.cutislaxa.org\/#\/schema\/person\/2b5e58dca5a6f412607f985f2823d045","name":"Marie-Claude","image":{"@type":"ImageObject","inLanguage":"es","@id":"https:\/\/www.cutislaxa.org\/#\/schema\/person\/image\/","url":"https:\/\/secure.gravatar.com\/avatar\/f56014046df7c736afcf45ec2d3ba3e6?s=96&d=mm&r=g","contentUrl":"https:\/\/secure.gravatar.com\/avatar\/f56014046df7c736afcf45ec2d3ba3e6?s=96&d=mm&r=g","caption":"Marie-Claude"}}]}},"_links":{"self":[{"href":"https:\/\/www.cutislaxa.org\/es\/wp-json\/wp\/v2\/posts\/6593","targetHints":{"allow":["GET"]}}],"collection":[{"href":"https:\/\/www.cutislaxa.org\/es\/wp-json\/wp\/v2\/posts"}],"about":[{"href":"https:\/\/www.cutislaxa.org\/es\/wp-json\/wp\/v2\/types\/post"}],"author":[{"embeddable":true,"href":"https:\/\/www.cutislaxa.org\/es\/wp-json\/wp\/v2\/users\/2"}],"replies":[{"embeddable":true,"href":"https:\/\/www.cutislaxa.org\/es\/wp-json\/wp\/v2\/comments?post=6593"}],"version-history":[{"count":2,"href":"https:\/\/www.cutislaxa.org\/es\/wp-json\/wp\/v2\/posts\/6593\/revisions"}],"predecessor-version":[{"id":6596,"href":"https:\/\/www.cutislaxa.org\/es\/wp-json\/wp\/v2\/posts\/6593\/revisions\/6596"}],"wp:featuredmedia":[{"embeddable":true,"href":"https:\/\/www.cutislaxa.org\/es\/wp-json\/wp\/v2\/media\/6594"}],"wp:attachment":[{"href":"https:\/\/www.cutislaxa.org\/es\/wp-json\/wp\/v2\/media?parent=6593"}],"wp:term":[{"taxonomy":"category","embeddable":true,"href":"https:\/\/www.cutislaxa.org\/es\/wp-json\/wp\/v2\/categories?post=6593"},{"taxonomy":"post_tag","embeddable":true,"href":"https:\/\/www.cutislaxa.org\/es\/wp-json\/wp\/v2\/tags?post=6593"}],"curies":[{"name":"wp","href":"https:\/\/api.w.org\/{rel}","templated":true}]}}