{"id":16718,"date":"2024-09-18T19:50:26","date_gmt":"2024-09-18T17:50:26","guid":{"rendered":"https:\/\/www.cutislaxa.org\/?p=16718"},"modified":"2024-09-18T19:51:27","modified_gmt":"2024-09-18T17:51:27","slug":"cutis-laxa-que-ocurre","status":"publish","type":"post","link":"https:\/\/www.cutislaxa.org\/es\/cutis-laxa-que-ocurre\/","title":{"rendered":"Cutis Laxa : \u00bfqu\u00e9 ocurre?"},"content":{"rendered":"<p style=\"text-align: center;\"><strong>Actualizaci\u00f3n de la Cutis Laxa <\/strong><\/p>\n<p>En el Congreso Mundial de Par\u00eds en junio 2024, se present\u00f3 una actualizaci\u00f3n de los conocimientos de la Cutis Laxa.<\/p>\n<p><img loading=\"lazy\" decoding=\"async\" class=\"alignnone size-medium wp-image-16709 aligncenter\" src=\"https:\/\/www.cutislaxa.org\/wp-content\/uploads\/2024\/09\/IMG_20240612_174202-1-300x165.jpg\" alt=\"\" width=\"300\" height=\"165\" srcset=\"https:\/\/www.cutislaxa.org\/wp-content\/uploads\/2024\/09\/IMG_20240612_174202-1-300x165.jpg 300w, https:\/\/www.cutislaxa.org\/wp-content\/uploads\/2024\/09\/IMG_20240612_174202-1-1030x565.jpg 1030w, https:\/\/www.cutislaxa.org\/wp-content\/uploads\/2024\/09\/IMG_20240612_174202-1-768x421.jpg 768w, https:\/\/www.cutislaxa.org\/wp-content\/uploads\/2024\/09\/IMG_20240612_174202-1-1536x843.jpg 1536w, https:\/\/www.cutislaxa.org\/wp-content\/uploads\/2024\/09\/IMG_20240612_174202-1-2048x1123.jpg 2048w, https:\/\/www.cutislaxa.org\/wp-content\/uploads\/2024\/09\/IMG_20240612_174202-1-1500x823.jpg 1500w, https:\/\/www.cutislaxa.org\/wp-content\/uploads\/2024\/09\/IMG_20240612_174202-1-705x387.jpg 705w\" sizes=\"auto, (max-width: 300px) 100vw, 300px\" \/><\/p>\n<p>a fisiopatolog\u00eda de la CL est\u00e1 representada por un defecto de las fibras el\u00e1sticas. En el caso de las formas heredadas, se trata de un defecto de s\u00edntesis\/ensamblaje de las fibras el\u00e1sticas cuyo desencadenante es gen\u00e9tico. Cuando se trata de la forma adquirida de Cutis Laxa, el proceso es diferente ya que se trata de una destrucci\u00f3n de fibras el\u00e1sticas que, en principio, son normales.<\/p>\n<p>Hoy en d\u00eda, se han identificado 18 subtipos en las formas heredadas, contando enfermedades relacionadas como el s\u00edndrome de tortuosidad arterial o el s\u00edndrome de MACS. Estas identificaciones permiten una nueva clasificaci\u00f3n.<\/p>\n<p><img loading=\"lazy\" decoding=\"async\" class=\"alignnone size-medium wp-image-16703 aligncenter\" src=\"https:\/\/www.cutislaxa.org\/wp-content\/uploads\/2024\/09\/IMG_20240612_174653-300x172.jpg\" alt=\"\" width=\"300\" height=\"172\" srcset=\"https:\/\/www.cutislaxa.org\/wp-content\/uploads\/2024\/09\/IMG_20240612_174653-300x172.jpg 300w, https:\/\/www.cutislaxa.org\/wp-content\/uploads\/2024\/09\/IMG_20240612_174653-1030x592.jpg 1030w, https:\/\/www.cutislaxa.org\/wp-content\/uploads\/2024\/09\/IMG_20240612_174653-768x441.jpg 768w, https:\/\/www.cutislaxa.org\/wp-content\/uploads\/2024\/09\/IMG_20240612_174653-1536x883.jpg 1536w, https:\/\/www.cutislaxa.org\/wp-content\/uploads\/2024\/09\/IMG_20240612_174653-2048x1177.jpg 2048w, https:\/\/www.cutislaxa.org\/wp-content\/uploads\/2024\/09\/IMG_20240612_174653-1500x862.jpg 1500w, https:\/\/www.cutislaxa.org\/wp-content\/uploads\/2024\/09\/IMG_20240612_174653-705x405.jpg 705w\" sizes=\"auto, (max-width: 300px) 100vw, 300px\" \/><\/p>\n<p>Se encuentran las formas con caracter\u00edsticas esencialmente en el tejido conectivo (Tortuosidad, Piel, Huesos, Enfisema) y aquellas con caracter\u00edsticas esencialmente neurol\u00f3gicas con o sin retraso de crecimiento intrauterino. Esta nueva clasificaci\u00f3n est\u00e1 a\u00fan en fase de validaci\u00f3n. Ser\u00e1 una mejor herramienta de diagn\u00f3stico al integrar los datos cl\u00ednicos, los descubrimientos ultrastructurales y la fisiopatolog\u00eda. Servir\u00e1 de base para nuevas directrices.<\/p>\n<p style=\"text-align: center;\"><img loading=\"lazy\" decoding=\"async\" class=\"alignnone wp-image-16700\" src=\"https:\/\/www.cutislaxa.org\/wp-content\/uploads\/2024\/09\/IMG_20240612_174527-300x209.jpg\" alt=\"\" width=\"311\" height=\"217\" srcset=\"https:\/\/www.cutislaxa.org\/wp-content\/uploads\/2024\/09\/IMG_20240612_174527-300x209.jpg 300w, https:\/\/www.cutislaxa.org\/wp-content\/uploads\/2024\/09\/IMG_20240612_174527-1030x717.jpg 1030w, https:\/\/www.cutislaxa.org\/wp-content\/uploads\/2024\/09\/IMG_20240612_174527-768x535.jpg 768w, https:\/\/www.cutislaxa.org\/wp-content\/uploads\/2024\/09\/IMG_20240612_174527-1536x1070.jpg 1536w, https:\/\/www.cutislaxa.org\/wp-content\/uploads\/2024\/09\/IMG_20240612_174527-2048x1426.jpg 2048w, https:\/\/www.cutislaxa.org\/wp-content\/uploads\/2024\/09\/IMG_20240612_174527-1500x1045.jpg 1500w, https:\/\/www.cutislaxa.org\/wp-content\/uploads\/2024\/09\/IMG_20240612_174527-705x491.jpg 705w\" sizes=\"auto, (max-width: 311px) 100vw, 311px\" \/> <img loading=\"lazy\" decoding=\"async\" class=\"alignnone size-medium wp-image-16706\" src=\"https:\/\/www.cutislaxa.org\/wp-content\/uploads\/2024\/09\/IMG_20240612_175253-300x221.jpg\" alt=\"\" width=\"300\" height=\"221\" srcset=\"https:\/\/www.cutislaxa.org\/wp-content\/uploads\/2024\/09\/IMG_20240612_175253-300x221.jpg 300w, https:\/\/www.cutislaxa.org\/wp-content\/uploads\/2024\/09\/IMG_20240612_175253-1030x759.jpg 1030w, https:\/\/www.cutislaxa.org\/wp-content\/uploads\/2024\/09\/IMG_20240612_175253-768x566.jpg 768w, https:\/\/www.cutislaxa.org\/wp-content\/uploads\/2024\/09\/IMG_20240612_175253-1536x1132.jpg 1536w, https:\/\/www.cutislaxa.org\/wp-content\/uploads\/2024\/09\/IMG_20240612_175253-2048x1509.jpg 2048w, https:\/\/www.cutislaxa.org\/wp-content\/uploads\/2024\/09\/IMG_20240612_175253-1500x1106.jpg 1500w, https:\/\/www.cutislaxa.org\/wp-content\/uploads\/2024\/09\/IMG_20240612_175253-705x520.jpg 705w\" sizes=\"auto, (max-width: 300px) 100vw, 300px\" \/><\/p>\n","protected":false},"excerpt":{"rendered":"<p>Actualizaci\u00f3n de la Cutis Laxa En el Congreso Mundial de Par\u00eds en junio 2024, se present\u00f3 una actualizaci\u00f3n de los conocimientos de la Cutis Laxa. a fisiopatolog\u00eda de la CL est\u00e1 representada por un defecto de las fibras el\u00e1sticas. En el caso de las formas heredadas, se trata de un defecto de s\u00edntesis\/ensamblaje de las [&hellip;]<\/p>\n","protected":false},"author":2,"featured_media":6594,"comment_status":"closed","ping_status":"closed","sticky":false,"template":"","format":"standard","meta":{"footnotes":""},"categories":[82,74,79,76],"tags":[],"class_list":["post-16718","post","type-post","status-publish","format-standard","has-post-thumbnail","hentry","category-fotos","category-investigacion","category-investigacion-medicina-genetica","category-noticias"],"yoast_head":"<!-- This site is optimized with the Yoast SEO plugin v22.0 - https:\/\/yoast.com\/wordpress\/plugins\/seo\/ -->\n<title>Cutis Laxa : \u00bfqu\u00e9 ocurre? - CUTIS LAXA INTERNATIONALE<\/title>\n<meta name=\"robots\" content=\"index, follow, max-snippet:-1, max-image-preview:large, max-video-preview:-1\" \/>\n<link rel=\"canonical\" href=\"https:\/\/www.cutislaxa.org\/es\/cutis-laxa-que-ocurre\/\" \/>\n<meta property=\"og:locale\" content=\"es_ES\" \/>\n<meta property=\"og:type\" content=\"article\" \/>\n<meta property=\"og:title\" content=\"Cutis Laxa : \u00bfqu\u00e9 ocurre? - CUTIS LAXA INTERNATIONALE\" \/>\n<meta property=\"og:description\" content=\"Actualizaci\u00f3n de la Cutis Laxa En el Congreso Mundial de Par\u00eds en junio 2024, se present\u00f3 una actualizaci\u00f3n de los conocimientos de la Cutis Laxa. a fisiopatolog\u00eda de la CL est\u00e1 representada por un defecto de las fibras el\u00e1sticas. En el caso de las formas heredadas, se trata de un defecto de s\u00edntesis\/ensamblaje de las [&hellip;]\" \/>\n<meta property=\"og:url\" content=\"https:\/\/www.cutislaxa.org\/es\/cutis-laxa-que-ocurre\/\" \/>\n<meta property=\"og:site_name\" content=\"CUTIS LAXA INTERNATIONALE\" \/>\n<meta property=\"article:publisher\" content=\"https:\/\/www.facebook.com\/CutisLaxaAssociation\/\" \/>\n<meta property=\"article:published_time\" content=\"2024-09-18T17:50:26+00:00\" \/>\n<meta property=\"article:modified_time\" content=\"2024-09-18T17:51:27+00:00\" \/>\n<meta property=\"og:image\" content=\"https:\/\/www.cutislaxa.org\/wp-content\/uploads\/2017\/07\/gene-small.jpg\" \/>\n\t<meta property=\"og:image:width\" content=\"300\" \/>\n\t<meta property=\"og:image:height\" content=\"169\" \/>\n\t<meta property=\"og:image:type\" content=\"image\/jpeg\" \/>\n<meta name=\"author\" content=\"Marie-Claude\" \/>\n<meta name=\"twitter:card\" content=\"summary_large_image\" \/>\n<meta name=\"twitter:label1\" content=\"Escrito por\" \/>\n\t<meta name=\"twitter:data1\" content=\"Marie-Claude\" \/>\n\t<meta name=\"twitter:label2\" content=\"Tiempo de lectura\" \/>\n\t<meta name=\"twitter:data2\" content=\"2 minutos\" \/>\n<script type=\"application\/ld+json\" class=\"yoast-schema-graph\">{\"@context\":\"https:\/\/schema.org\",\"@graph\":[{\"@type\":\"Article\",\"@id\":\"https:\/\/www.cutislaxa.org\/es\/cutis-laxa-que-ocurre\/#article\",\"isPartOf\":{\"@id\":\"https:\/\/www.cutislaxa.org\/es\/cutis-laxa-que-ocurre\/\"},\"author\":{\"name\":\"Marie-Claude\",\"@id\":\"https:\/\/www.cutislaxa.org\/#\/schema\/person\/2b5e58dca5a6f412607f985f2823d045\"},\"headline\":\"Cutis Laxa : \u00bfqu\u00e9 ocurre?\",\"datePublished\":\"2024-09-18T17:50:26+00:00\",\"dateModified\":\"2024-09-18T17:51:27+00:00\",\"mainEntityOfPage\":{\"@id\":\"https:\/\/www.cutislaxa.org\/es\/cutis-laxa-que-ocurre\/\"},\"wordCount\":208,\"publisher\":{\"@id\":\"https:\/\/www.cutislaxa.org\/#organization\"},\"articleSection\":[\"fotos\",\"Investigaci\u00f3n\",\"Investigaci\u00f3n- Medicina - Gen\u00e9tica\",\"Noticias\"],\"inLanguage\":\"es\"},{\"@type\":\"WebPage\",\"@id\":\"https:\/\/www.cutislaxa.org\/es\/cutis-laxa-que-ocurre\/\",\"url\":\"https:\/\/www.cutislaxa.org\/es\/cutis-laxa-que-ocurre\/\",\"name\":\"Cutis Laxa : \u00bfqu\u00e9 ocurre? - CUTIS LAXA INTERNATIONALE\",\"isPartOf\":{\"@id\":\"https:\/\/www.cutislaxa.org\/#website\"},\"datePublished\":\"2024-09-18T17:50:26+00:00\",\"dateModified\":\"2024-09-18T17:51:27+00:00\",\"breadcrumb\":{\"@id\":\"https:\/\/www.cutislaxa.org\/es\/cutis-laxa-que-ocurre\/#breadcrumb\"},\"inLanguage\":\"es\",\"potentialAction\":[{\"@type\":\"ReadAction\",\"target\":[\"https:\/\/www.cutislaxa.org\/es\/cutis-laxa-que-ocurre\/\"]}]},{\"@type\":\"BreadcrumbList\",\"@id\":\"https:\/\/www.cutislaxa.org\/es\/cutis-laxa-que-ocurre\/#breadcrumb\",\"itemListElement\":[{\"@type\":\"ListItem\",\"position\":1,\"name\":\"Home\",\"item\":\"https:\/\/www.cutislaxa.org\/es\/bienvenida\/\"},{\"@type\":\"ListItem\",\"position\":2,\"name\":\"Cutis Laxa : \u00bfqu\u00e9 ocurre?\"}]},{\"@type\":\"WebSite\",\"@id\":\"https:\/\/www.cutislaxa.org\/#website\",\"url\":\"https:\/\/www.cutislaxa.org\/\",\"name\":\"CUTIS LAXA INTERNATIONALE\",\"description\":\"\",\"publisher\":{\"@id\":\"https:\/\/www.cutislaxa.org\/#organization\"},\"potentialAction\":[{\"@type\":\"SearchAction\",\"target\":{\"@type\":\"EntryPoint\",\"urlTemplate\":\"https:\/\/www.cutislaxa.org\/?s={search_term_string}\"},\"query-input\":\"required name=search_term_string\"}],\"inLanguage\":\"es\"},{\"@type\":\"Organization\",\"@id\":\"https:\/\/www.cutislaxa.org\/#organization\",\"name\":\"Cutis Laxa Internationale\",\"url\":\"https:\/\/www.cutislaxa.org\/\",\"logo\":{\"@type\":\"ImageObject\",\"inLanguage\":\"es\",\"@id\":\"https:\/\/www.cutislaxa.org\/#\/schema\/logo\/image\/\",\"url\":\"https:\/\/www.cutislaxa.org\/wp-content\/uploads\/2017\/12\/NEW-LOGO-CLI-4.png\",\"contentUrl\":\"https:\/\/www.cutislaxa.org\/wp-content\/uploads\/2017\/12\/NEW-LOGO-CLI-4.png\",\"width\":417,\"height\":120,\"caption\":\"Cutis Laxa Internationale\"},\"image\":{\"@id\":\"https:\/\/www.cutislaxa.org\/#\/schema\/logo\/image\/\"},\"sameAs\":[\"https:\/\/www.facebook.com\/CutisLaxaAssociation\/\"]},{\"@type\":\"Person\",\"@id\":\"https:\/\/www.cutislaxa.org\/#\/schema\/person\/2b5e58dca5a6f412607f985f2823d045\",\"name\":\"Marie-Claude\",\"image\":{\"@type\":\"ImageObject\",\"inLanguage\":\"es\",\"@id\":\"https:\/\/www.cutislaxa.org\/#\/schema\/person\/image\/\",\"url\":\"https:\/\/secure.gravatar.com\/avatar\/f56014046df7c736afcf45ec2d3ba3e6?s=96&d=mm&r=g\",\"contentUrl\":\"https:\/\/secure.gravatar.com\/avatar\/f56014046df7c736afcf45ec2d3ba3e6?s=96&d=mm&r=g\",\"caption\":\"Marie-Claude\"}}]}<\/script>\n<!-- \/ Yoast SEO plugin. -->","yoast_head_json":{"title":"Cutis Laxa : \u00bfqu\u00e9 ocurre? - CUTIS LAXA INTERNATIONALE","robots":{"index":"index","follow":"follow","max-snippet":"max-snippet:-1","max-image-preview":"max-image-preview:large","max-video-preview":"max-video-preview:-1"},"canonical":"https:\/\/www.cutislaxa.org\/es\/cutis-laxa-que-ocurre\/","og_locale":"es_ES","og_type":"article","og_title":"Cutis Laxa : \u00bfqu\u00e9 ocurre? - CUTIS LAXA INTERNATIONALE","og_description":"Actualizaci\u00f3n de la Cutis Laxa En el Congreso Mundial de Par\u00eds en junio 2024, se present\u00f3 una actualizaci\u00f3n de los conocimientos de la Cutis Laxa. a fisiopatolog\u00eda de la CL est\u00e1 representada por un defecto de las fibras el\u00e1sticas. En el caso de las formas heredadas, se trata de un defecto de s\u00edntesis\/ensamblaje de las [&hellip;]","og_url":"https:\/\/www.cutislaxa.org\/es\/cutis-laxa-que-ocurre\/","og_site_name":"CUTIS LAXA INTERNATIONALE","article_publisher":"https:\/\/www.facebook.com\/CutisLaxaAssociation\/","article_published_time":"2024-09-18T17:50:26+00:00","article_modified_time":"2024-09-18T17:51:27+00:00","og_image":[{"width":300,"height":169,"url":"https:\/\/www.cutislaxa.org\/wp-content\/uploads\/2017\/07\/gene-small.jpg","type":"image\/jpeg"}],"author":"Marie-Claude","twitter_card":"summary_large_image","twitter_misc":{"Escrito por":"Marie-Claude","Tiempo de lectura":"2 minutos"},"schema":{"@context":"https:\/\/schema.org","@graph":[{"@type":"Article","@id":"https:\/\/www.cutislaxa.org\/es\/cutis-laxa-que-ocurre\/#article","isPartOf":{"@id":"https:\/\/www.cutislaxa.org\/es\/cutis-laxa-que-ocurre\/"},"author":{"name":"Marie-Claude","@id":"https:\/\/www.cutislaxa.org\/#\/schema\/person\/2b5e58dca5a6f412607f985f2823d045"},"headline":"Cutis Laxa : \u00bfqu\u00e9 ocurre?","datePublished":"2024-09-18T17:50:26+00:00","dateModified":"2024-09-18T17:51:27+00:00","mainEntityOfPage":{"@id":"https:\/\/www.cutislaxa.org\/es\/cutis-laxa-que-ocurre\/"},"wordCount":208,"publisher":{"@id":"https:\/\/www.cutislaxa.org\/#organization"},"articleSection":["fotos","Investigaci\u00f3n","Investigaci\u00f3n- Medicina - Gen\u00e9tica","Noticias"],"inLanguage":"es"},{"@type":"WebPage","@id":"https:\/\/www.cutislaxa.org\/es\/cutis-laxa-que-ocurre\/","url":"https:\/\/www.cutislaxa.org\/es\/cutis-laxa-que-ocurre\/","name":"Cutis Laxa : \u00bfqu\u00e9 ocurre? - CUTIS LAXA INTERNATIONALE","isPartOf":{"@id":"https:\/\/www.cutislaxa.org\/#website"},"datePublished":"2024-09-18T17:50:26+00:00","dateModified":"2024-09-18T17:51:27+00:00","breadcrumb":{"@id":"https:\/\/www.cutislaxa.org\/es\/cutis-laxa-que-ocurre\/#breadcrumb"},"inLanguage":"es","potentialAction":[{"@type":"ReadAction","target":["https:\/\/www.cutislaxa.org\/es\/cutis-laxa-que-ocurre\/"]}]},{"@type":"BreadcrumbList","@id":"https:\/\/www.cutislaxa.org\/es\/cutis-laxa-que-ocurre\/#breadcrumb","itemListElement":[{"@type":"ListItem","position":1,"name":"Home","item":"https:\/\/www.cutislaxa.org\/es\/bienvenida\/"},{"@type":"ListItem","position":2,"name":"Cutis Laxa : \u00bfqu\u00e9 ocurre?"}]},{"@type":"WebSite","@id":"https:\/\/www.cutislaxa.org\/#website","url":"https:\/\/www.cutislaxa.org\/","name":"CUTIS LAXA INTERNATIONALE","description":"","publisher":{"@id":"https:\/\/www.cutislaxa.org\/#organization"},"potentialAction":[{"@type":"SearchAction","target":{"@type":"EntryPoint","urlTemplate":"https:\/\/www.cutislaxa.org\/?s={search_term_string}"},"query-input":"required name=search_term_string"}],"inLanguage":"es"},{"@type":"Organization","@id":"https:\/\/www.cutislaxa.org\/#organization","name":"Cutis Laxa Internationale","url":"https:\/\/www.cutislaxa.org\/","logo":{"@type":"ImageObject","inLanguage":"es","@id":"https:\/\/www.cutislaxa.org\/#\/schema\/logo\/image\/","url":"https:\/\/www.cutislaxa.org\/wp-content\/uploads\/2017\/12\/NEW-LOGO-CLI-4.png","contentUrl":"https:\/\/www.cutislaxa.org\/wp-content\/uploads\/2017\/12\/NEW-LOGO-CLI-4.png","width":417,"height":120,"caption":"Cutis Laxa Internationale"},"image":{"@id":"https:\/\/www.cutislaxa.org\/#\/schema\/logo\/image\/"},"sameAs":["https:\/\/www.facebook.com\/CutisLaxaAssociation\/"]},{"@type":"Person","@id":"https:\/\/www.cutislaxa.org\/#\/schema\/person\/2b5e58dca5a6f412607f985f2823d045","name":"Marie-Claude","image":{"@type":"ImageObject","inLanguage":"es","@id":"https:\/\/www.cutislaxa.org\/#\/schema\/person\/image\/","url":"https:\/\/secure.gravatar.com\/avatar\/f56014046df7c736afcf45ec2d3ba3e6?s=96&d=mm&r=g","contentUrl":"https:\/\/secure.gravatar.com\/avatar\/f56014046df7c736afcf45ec2d3ba3e6?s=96&d=mm&r=g","caption":"Marie-Claude"}}]}},"_links":{"self":[{"href":"https:\/\/www.cutislaxa.org\/es\/wp-json\/wp\/v2\/posts\/16718","targetHints":{"allow":["GET"]}}],"collection":[{"href":"https:\/\/www.cutislaxa.org\/es\/wp-json\/wp\/v2\/posts"}],"about":[{"href":"https:\/\/www.cutislaxa.org\/es\/wp-json\/wp\/v2\/types\/post"}],"author":[{"embeddable":true,"href":"https:\/\/www.cutislaxa.org\/es\/wp-json\/wp\/v2\/users\/2"}],"replies":[{"embeddable":true,"href":"https:\/\/www.cutislaxa.org\/es\/wp-json\/wp\/v2\/comments?post=16718"}],"version-history":[{"count":3,"href":"https:\/\/www.cutislaxa.org\/es\/wp-json\/wp\/v2\/posts\/16718\/revisions"}],"predecessor-version":[{"id":16720,"href":"https:\/\/www.cutislaxa.org\/es\/wp-json\/wp\/v2\/posts\/16718\/revisions\/16720"}],"wp:featuredmedia":[{"embeddable":true,"href":"https:\/\/www.cutislaxa.org\/es\/wp-json\/wp\/v2\/media\/6594"}],"wp:attachment":[{"href":"https:\/\/www.cutislaxa.org\/es\/wp-json\/wp\/v2\/media?parent=16718"}],"wp:term":[{"taxonomy":"category","embeddable":true,"href":"https:\/\/www.cutislaxa.org\/es\/wp-json\/wp\/v2\/categories?post=16718"},{"taxonomy":"post_tag","embeddable":true,"href":"https:\/\/www.cutislaxa.org\/es\/wp-json\/wp\/v2\/tags?post=16718"}],"curies":[{"name":"wp","href":"https:\/\/api.w.org\/{rel}","templated":true}]}}