{"id":15223,"date":"2023-03-28T16:09:46","date_gmt":"2023-03-28T14:09:46","guid":{"rendered":"https:\/\/www.cutislaxa.org\/?p=15223"},"modified":"2023-06-28T16:11:11","modified_gmt":"2023-06-28T14:11:11","slug":"el-punto-sobre-los-actos-de-dermatologia-en-francia","status":"publish","type":"post","link":"https:\/\/www.cutislaxa.org\/es\/el-punto-sobre-los-actos-de-dermatologia-en-francia\/","title":{"rendered":"\u00abel punto sobre los actos de dermatolog\u00eda en Francia\u00bb"},"content":{"rendered":"<p><em>El pasado 28 de marzo<\/em>,<\/p>\n<p>el Sindicato Nacional de Dermat\u00f3logos-Venere\u00f3logos (SNDV) ha publicado un comunicado de prensa <strong>\u00ab el punto sobre los actos de dermatolog\u00eda en Francia \u00bb<\/strong>: Contrariamente a las ideas recibidas, amplificadas por el espejo deformante de las redes sociales, las actividades m\u00e9dicas de los dermat\u00f3logos liberales son ante todo cl\u00ednicas y quir\u00fargicas. As\u00ed, cada a\u00f1o se practican cerca de 2.500 actos por parte de 3.600 dermat\u00f3logos, de los cuales 2.700 son liberales, como lo demuestran las estad\u00edsticas de la Caja Nacional de Seguro de Enfermedad (CNAM). Estos actos se refieren principalmente al tratamiento del c\u00e1ncer de piel y de las enfermedades cr\u00f3nicas inflamatorias dermatol\u00f3gicas.<\/p>\n","protected":false},"excerpt":{"rendered":"<p>El pasado 28 de marzo, el Sindicato Nacional de Dermat\u00f3logos-Venere\u00f3logos (SNDV) ha publicado un comunicado de prensa \u00ab el punto sobre los actos de dermatolog\u00eda en Francia \u00bb: Contrariamente a las ideas recibidas, amplificadas por el espejo deformante de las redes sociales, las actividades m\u00e9dicas de los dermat\u00f3logos liberales son ante todo cl\u00ednicas y quir\u00fargicas. [&hellip;]<\/p>\n","protected":false},"author":2,"featured_media":12386,"comment_status":"closed","ping_status":"closed","sticky":false,"template":"","format":"standard","meta":{"footnotes":""},"categories":[79,81,76],"tags":[],"class_list":["post-15223","post","type-post","status-publish","format-standard","has-post-thumbnail","hentry","category-investigacion-medicina-genetica","category-medios-de-comunicacion","category-noticias"],"yoast_head":"<!-- This site is optimized with the Yoast SEO plugin v22.0 - https:\/\/yoast.com\/wordpress\/plugins\/seo\/ -->\n<title>&quot;el punto sobre los actos de dermatolog\u00eda en Francia&quot; - CUTIS LAXA INTERNATIONALE<\/title>\n<meta name=\"robots\" content=\"index, follow, max-snippet:-1, max-image-preview:large, max-video-preview:-1\" \/>\n<link rel=\"canonical\" href=\"https:\/\/www.cutislaxa.org\/taking-stock-of-the-dermatology-care-in-france\/\" \/>\n<meta property=\"og:locale\" content=\"es_ES\" \/>\n<meta property=\"og:type\" content=\"article\" \/>\n<meta property=\"og:title\" content=\"&quot;el punto sobre los actos de dermatolog\u00eda en Francia&quot; - CUTIS LAXA INTERNATIONALE\" \/>\n<meta property=\"og:description\" content=\"El pasado 28 de marzo, el Sindicato Nacional de Dermat\u00f3logos-Venere\u00f3logos (SNDV) ha publicado un comunicado de prensa \u00ab el punto sobre los actos de dermatolog\u00eda en Francia \u00bb: Contrariamente a las ideas recibidas, amplificadas por el espejo deformante de las redes sociales, las actividades m\u00e9dicas de los dermat\u00f3logos liberales son ante todo cl\u00ednicas y quir\u00fargicas. [&hellip;]\" \/>\n<meta property=\"og:url\" content=\"https:\/\/www.cutislaxa.org\/taking-stock-of-the-dermatology-care-in-france\/\" \/>\n<meta property=\"og:site_name\" content=\"CUTIS LAXA INTERNATIONALE\" \/>\n<meta property=\"article:publisher\" content=\"https:\/\/www.facebook.com\/CutisLaxaAssociation\/\" \/>\n<meta property=\"article:published_time\" content=\"2023-03-28T14:09:46+00:00\" \/>\n<meta property=\"article:modified_time\" content=\"2023-06-28T14:11:11+00:00\" \/>\n<meta property=\"og:image\" content=\"https:\/\/www.cutislaxa.org\/wp-content\/uploads\/2022\/02\/Medias.jpg\" \/>\n\t<meta property=\"og:image:width\" content=\"275\" \/>\n\t<meta property=\"og:image:height\" content=\"183\" \/>\n\t<meta property=\"og:image:type\" content=\"image\/jpeg\" \/>\n<meta name=\"author\" content=\"Marie-Claude\" \/>\n<meta name=\"twitter:card\" content=\"summary_large_image\" \/>\n<meta name=\"twitter:label1\" content=\"Escrito por\" \/>\n\t<meta name=\"twitter:data1\" content=\"Marie-Claude\" \/>\n\t<meta name=\"twitter:label2\" content=\"Tiempo de lectura\" \/>\n\t<meta name=\"twitter:data2\" content=\"1 minuto\" \/>\n<script type=\"application\/ld+json\" class=\"yoast-schema-graph\">{\"@context\":\"https:\/\/schema.org\",\"@graph\":[{\"@type\":\"Article\",\"@id\":\"https:\/\/www.cutislaxa.org\/taking-stock-of-the-dermatology-care-in-france\/#article\",\"isPartOf\":{\"@id\":\"https:\/\/www.cutislaxa.org\/taking-stock-of-the-dermatology-care-in-france\/\"},\"author\":{\"name\":\"Marie-Claude\",\"@id\":\"https:\/\/www.cutislaxa.org\/#\/schema\/person\/2b5e58dca5a6f412607f985f2823d045\"},\"headline\":\"\u00abel punto sobre los actos de dermatolog\u00eda en Francia\u00bb\",\"datePublished\":\"2023-03-28T14:09:46+00:00\",\"dateModified\":\"2023-06-28T14:11:11+00:00\",\"mainEntityOfPage\":{\"@id\":\"https:\/\/www.cutislaxa.org\/taking-stock-of-the-dermatology-care-in-france\/\"},\"wordCount\":124,\"publisher\":{\"@id\":\"https:\/\/www.cutislaxa.org\/#organization\"},\"articleSection\":[\"Investigaci\u00f3n- Medicina - Gen\u00e9tica\",\"Medios de Comunicaci\u00f3n\",\"Noticias\"],\"inLanguage\":\"es\"},{\"@type\":\"WebPage\",\"@id\":\"https:\/\/www.cutislaxa.org\/taking-stock-of-the-dermatology-care-in-france\/\",\"url\":\"https:\/\/www.cutislaxa.org\/taking-stock-of-the-dermatology-care-in-france\/\",\"name\":\"\\\"el punto sobre los actos de dermatolog\u00eda en Francia\\\" - CUTIS LAXA INTERNATIONALE\",\"isPartOf\":{\"@id\":\"https:\/\/www.cutislaxa.org\/#website\"},\"datePublished\":\"2023-03-28T14:09:46+00:00\",\"dateModified\":\"2023-06-28T14:11:11+00:00\",\"breadcrumb\":{\"@id\":\"https:\/\/www.cutislaxa.org\/taking-stock-of-the-dermatology-care-in-france\/#breadcrumb\"},\"inLanguage\":\"es\",\"potentialAction\":[{\"@type\":\"ReadAction\",\"target\":[\"https:\/\/www.cutislaxa.org\/taking-stock-of-the-dermatology-care-in-france\/\"]}]},{\"@type\":\"BreadcrumbList\",\"@id\":\"https:\/\/www.cutislaxa.org\/taking-stock-of-the-dermatology-care-in-france\/#breadcrumb\",\"itemListElement\":[{\"@type\":\"ListItem\",\"position\":1,\"name\":\"Home\",\"item\":\"https:\/\/www.cutislaxa.org\/es\/bienvenida\/\"},{\"@type\":\"ListItem\",\"position\":2,\"name\":\"&#8220;el punto sobre los actos de dermatolog\u00eda en Francia&#8221;\"}]},{\"@type\":\"WebSite\",\"@id\":\"https:\/\/www.cutislaxa.org\/#website\",\"url\":\"https:\/\/www.cutislaxa.org\/\",\"name\":\"CUTIS LAXA INTERNATIONALE\",\"description\":\"\",\"publisher\":{\"@id\":\"https:\/\/www.cutislaxa.org\/#organization\"},\"potentialAction\":[{\"@type\":\"SearchAction\",\"target\":{\"@type\":\"EntryPoint\",\"urlTemplate\":\"https:\/\/www.cutislaxa.org\/?s={search_term_string}\"},\"query-input\":\"required name=search_term_string\"}],\"inLanguage\":\"es\"},{\"@type\":\"Organization\",\"@id\":\"https:\/\/www.cutislaxa.org\/#organization\",\"name\":\"Cutis Laxa Internationale\",\"url\":\"https:\/\/www.cutislaxa.org\/\",\"logo\":{\"@type\":\"ImageObject\",\"inLanguage\":\"es\",\"@id\":\"https:\/\/www.cutislaxa.org\/#\/schema\/logo\/image\/\",\"url\":\"https:\/\/www.cutislaxa.org\/wp-content\/uploads\/2017\/12\/NEW-LOGO-CLI-4.png\",\"contentUrl\":\"https:\/\/www.cutislaxa.org\/wp-content\/uploads\/2017\/12\/NEW-LOGO-CLI-4.png\",\"width\":417,\"height\":120,\"caption\":\"Cutis Laxa Internationale\"},\"image\":{\"@id\":\"https:\/\/www.cutislaxa.org\/#\/schema\/logo\/image\/\"},\"sameAs\":[\"https:\/\/www.facebook.com\/CutisLaxaAssociation\/\"]},{\"@type\":\"Person\",\"@id\":\"https:\/\/www.cutislaxa.org\/#\/schema\/person\/2b5e58dca5a6f412607f985f2823d045\",\"name\":\"Marie-Claude\",\"image\":{\"@type\":\"ImageObject\",\"inLanguage\":\"es\",\"@id\":\"https:\/\/www.cutislaxa.org\/#\/schema\/person\/image\/\",\"url\":\"https:\/\/secure.gravatar.com\/avatar\/f56014046df7c736afcf45ec2d3ba3e6?s=96&d=mm&r=g\",\"contentUrl\":\"https:\/\/secure.gravatar.com\/avatar\/f56014046df7c736afcf45ec2d3ba3e6?s=96&d=mm&r=g\",\"caption\":\"Marie-Claude\"}}]}<\/script>\n<!-- \/ Yoast SEO plugin. -->","yoast_head_json":{"title":"\"el punto sobre los actos de dermatolog\u00eda en Francia\" - CUTIS LAXA INTERNATIONALE","robots":{"index":"index","follow":"follow","max-snippet":"max-snippet:-1","max-image-preview":"max-image-preview:large","max-video-preview":"max-video-preview:-1"},"canonical":"https:\/\/www.cutislaxa.org\/taking-stock-of-the-dermatology-care-in-france\/","og_locale":"es_ES","og_type":"article","og_title":"\"el punto sobre los actos de dermatolog\u00eda en Francia\" - CUTIS LAXA INTERNATIONALE","og_description":"El pasado 28 de marzo, el Sindicato Nacional de Dermat\u00f3logos-Venere\u00f3logos (SNDV) ha publicado un comunicado de prensa \u00ab el punto sobre los actos de dermatolog\u00eda en Francia \u00bb: Contrariamente a las ideas recibidas, amplificadas por el espejo deformante de las redes sociales, las actividades m\u00e9dicas de los dermat\u00f3logos liberales son ante todo cl\u00ednicas y quir\u00fargicas. [&hellip;]","og_url":"https:\/\/www.cutislaxa.org\/taking-stock-of-the-dermatology-care-in-france\/","og_site_name":"CUTIS LAXA INTERNATIONALE","article_publisher":"https:\/\/www.facebook.com\/CutisLaxaAssociation\/","article_published_time":"2023-03-28T14:09:46+00:00","article_modified_time":"2023-06-28T14:11:11+00:00","og_image":[{"width":275,"height":183,"url":"https:\/\/www.cutislaxa.org\/wp-content\/uploads\/2022\/02\/Medias.jpg","type":"image\/jpeg"}],"author":"Marie-Claude","twitter_card":"summary_large_image","twitter_misc":{"Escrito por":"Marie-Claude","Tiempo de lectura":"1 minuto"},"schema":{"@context":"https:\/\/schema.org","@graph":[{"@type":"Article","@id":"https:\/\/www.cutislaxa.org\/taking-stock-of-the-dermatology-care-in-france\/#article","isPartOf":{"@id":"https:\/\/www.cutislaxa.org\/taking-stock-of-the-dermatology-care-in-france\/"},"author":{"name":"Marie-Claude","@id":"https:\/\/www.cutislaxa.org\/#\/schema\/person\/2b5e58dca5a6f412607f985f2823d045"},"headline":"\u00abel punto sobre los actos de dermatolog\u00eda en Francia\u00bb","datePublished":"2023-03-28T14:09:46+00:00","dateModified":"2023-06-28T14:11:11+00:00","mainEntityOfPage":{"@id":"https:\/\/www.cutislaxa.org\/taking-stock-of-the-dermatology-care-in-france\/"},"wordCount":124,"publisher":{"@id":"https:\/\/www.cutislaxa.org\/#organization"},"articleSection":["Investigaci\u00f3n- Medicina - Gen\u00e9tica","Medios de Comunicaci\u00f3n","Noticias"],"inLanguage":"es"},{"@type":"WebPage","@id":"https:\/\/www.cutislaxa.org\/taking-stock-of-the-dermatology-care-in-france\/","url":"https:\/\/www.cutislaxa.org\/taking-stock-of-the-dermatology-care-in-france\/","name":"\"el punto sobre los actos de dermatolog\u00eda en Francia\" - CUTIS LAXA INTERNATIONALE","isPartOf":{"@id":"https:\/\/www.cutislaxa.org\/#website"},"datePublished":"2023-03-28T14:09:46+00:00","dateModified":"2023-06-28T14:11:11+00:00","breadcrumb":{"@id":"https:\/\/www.cutislaxa.org\/taking-stock-of-the-dermatology-care-in-france\/#breadcrumb"},"inLanguage":"es","potentialAction":[{"@type":"ReadAction","target":["https:\/\/www.cutislaxa.org\/taking-stock-of-the-dermatology-care-in-france\/"]}]},{"@type":"BreadcrumbList","@id":"https:\/\/www.cutislaxa.org\/taking-stock-of-the-dermatology-care-in-france\/#breadcrumb","itemListElement":[{"@type":"ListItem","position":1,"name":"Home","item":"https:\/\/www.cutislaxa.org\/es\/bienvenida\/"},{"@type":"ListItem","position":2,"name":"&#8220;el punto sobre los actos de dermatolog\u00eda en Francia&#8221;"}]},{"@type":"WebSite","@id":"https:\/\/www.cutislaxa.org\/#website","url":"https:\/\/www.cutislaxa.org\/","name":"CUTIS LAXA INTERNATIONALE","description":"","publisher":{"@id":"https:\/\/www.cutislaxa.org\/#organization"},"potentialAction":[{"@type":"SearchAction","target":{"@type":"EntryPoint","urlTemplate":"https:\/\/www.cutislaxa.org\/?s={search_term_string}"},"query-input":"required name=search_term_string"}],"inLanguage":"es"},{"@type":"Organization","@id":"https:\/\/www.cutislaxa.org\/#organization","name":"Cutis Laxa Internationale","url":"https:\/\/www.cutislaxa.org\/","logo":{"@type":"ImageObject","inLanguage":"es","@id":"https:\/\/www.cutislaxa.org\/#\/schema\/logo\/image\/","url":"https:\/\/www.cutislaxa.org\/wp-content\/uploads\/2017\/12\/NEW-LOGO-CLI-4.png","contentUrl":"https:\/\/www.cutislaxa.org\/wp-content\/uploads\/2017\/12\/NEW-LOGO-CLI-4.png","width":417,"height":120,"caption":"Cutis Laxa Internationale"},"image":{"@id":"https:\/\/www.cutislaxa.org\/#\/schema\/logo\/image\/"},"sameAs":["https:\/\/www.facebook.com\/CutisLaxaAssociation\/"]},{"@type":"Person","@id":"https:\/\/www.cutislaxa.org\/#\/schema\/person\/2b5e58dca5a6f412607f985f2823d045","name":"Marie-Claude","image":{"@type":"ImageObject","inLanguage":"es","@id":"https:\/\/www.cutislaxa.org\/#\/schema\/person\/image\/","url":"https:\/\/secure.gravatar.com\/avatar\/f56014046df7c736afcf45ec2d3ba3e6?s=96&d=mm&r=g","contentUrl":"https:\/\/secure.gravatar.com\/avatar\/f56014046df7c736afcf45ec2d3ba3e6?s=96&d=mm&r=g","caption":"Marie-Claude"}}]}},"_links":{"self":[{"href":"https:\/\/www.cutislaxa.org\/es\/wp-json\/wp\/v2\/posts\/15223","targetHints":{"allow":["GET"]}}],"collection":[{"href":"https:\/\/www.cutislaxa.org\/es\/wp-json\/wp\/v2\/posts"}],"about":[{"href":"https:\/\/www.cutislaxa.org\/es\/wp-json\/wp\/v2\/types\/post"}],"author":[{"embeddable":true,"href":"https:\/\/www.cutislaxa.org\/es\/wp-json\/wp\/v2\/users\/2"}],"replies":[{"embeddable":true,"href":"https:\/\/www.cutislaxa.org\/es\/wp-json\/wp\/v2\/comments?post=15223"}],"version-history":[{"count":2,"href":"https:\/\/www.cutislaxa.org\/es\/wp-json\/wp\/v2\/posts\/15223\/revisions"}],"predecessor-version":[{"id":15225,"href":"https:\/\/www.cutislaxa.org\/es\/wp-json\/wp\/v2\/posts\/15223\/revisions\/15225"}],"wp:featuredmedia":[{"embeddable":true,"href":"https:\/\/www.cutislaxa.org\/es\/wp-json\/wp\/v2\/media\/12386"}],"wp:attachment":[{"href":"https:\/\/www.cutislaxa.org\/es\/wp-json\/wp\/v2\/media?parent=15223"}],"wp:term":[{"taxonomy":"category","embeddable":true,"href":"https:\/\/www.cutislaxa.org\/es\/wp-json\/wp\/v2\/categories?post=15223"},{"taxonomy":"post_tag","embeddable":true,"href":"https:\/\/www.cutislaxa.org\/es\/wp-json\/wp\/v2\/tags?post=15223"}],"curies":[{"name":"wp","href":"https:\/\/api.w.org\/{rel}","templated":true}]}}