{"id":10633,"date":"2021-04-07T17:59:36","date_gmt":"2021-04-07T15:59:36","guid":{"rendered":"http:\/\/www.cutislaxa.org\/?p=10633"},"modified":"2021-04-11T16:57:00","modified_gmt":"2021-04-11T14:57:00","slug":"estan-hablando-de-nosotros","status":"publish","type":"post","link":"https:\/\/www.cutislaxa.org\/es\/estan-hablando-de-nosotros\/","title":{"rendered":"\u00a1Est\u00e1n hablando de nosotros!"},"content":{"rendered":"<p>EwenLife est\u00e1 dedicado a las enfermedades raras. Entrevistaron a Marie-Claude Boiteux para publicar videos sobre la Cutis Laxa : Lo que es, diagn\u00f3stico, tratamientos, Cutis Laxa Internacional, etc.<\/p>\n<p>Cada semana, el domingo, editar\u00e1n un v\u00eddeo. Hay 8.<\/p>\n<p><a href=\"https:\/\/www.facebook.com\/ewenlife\/videos\/156935486333181\">Aqu\u00ed est\u00e1 el teaser<\/a> anunciando los videos en su p\u00e1gina de facebook<\/p>\n<p>Tambi\u00e9n hablaron de la Cutis Laxa <a href=\"https:\/\/www.facebook.com\/ewenlife\/posts\/848983885653945\">en su p\u00e1gina de facebook<\/a><\/p>\n<p><img loading=\"lazy\" decoding=\"async\" class=\"alignnone size-medium wp-image-10616 aligncenter\" src=\"https:\/\/www.cutislaxa.org\/wp-content\/uploads\/2021\/04\/Capture-d\u2019\u00e9cran-2021-04-07-170509-300x256.jpg\" alt=\"\" width=\"300\" height=\"256\" srcset=\"https:\/\/www.cutislaxa.org\/wp-content\/uploads\/2021\/04\/Capture-d\u2019\u00e9cran-2021-04-07-170509-300x256.jpg 300w, https:\/\/www.cutislaxa.org\/wp-content\/uploads\/2021\/04\/Capture-d\u2019\u00e9cran-2021-04-07-170509-1030x879.jpg 1030w, https:\/\/www.cutislaxa.org\/wp-content\/uploads\/2021\/04\/Capture-d\u2019\u00e9cran-2021-04-07-170509-768x655.jpg 768w, https:\/\/www.cutislaxa.org\/wp-content\/uploads\/2021\/04\/Capture-d\u2019\u00e9cran-2021-04-07-170509-705x601.jpg 705w, https:\/\/www.cutislaxa.org\/wp-content\/uploads\/2021\/04\/Capture-d\u2019\u00e9cran-2021-04-07-170509.jpg 1177w\" sizes=\"auto, (max-width: 300px) 100vw, 300px\" \/><\/p>\n<p>Este es<a href=\"https:\/\/www.youtube.com\/c\/EwenLifeRareDisease\/videos\"> el enlace de Youtube<\/a> donde se publican los videos.<\/p>\n<p>\u00a1Que se diviertan mir\u00e1ndolos!<\/p>\n","protected":false},"excerpt":{"rendered":"<p>EwenLife est\u00e1 dedicado a las enfermedades raras. Entrevistaron a Marie-Claude Boiteux para publicar videos sobre la Cutis Laxa : Lo que es, diagn\u00f3stico, tratamientos, Cutis Laxa Internacional, etc. Cada semana, el domingo, editar\u00e1n un v\u00eddeo. Hay 8. Aqu\u00ed est\u00e1 el teaser anunciando los videos en su p\u00e1gina de facebook Tambi\u00e9n hablaron de la Cutis Laxa [&hellip;]<\/p>\n","protected":false},"author":2,"featured_media":10626,"comment_status":"closed","ping_status":"closed","sticky":false,"template":"","format":"standard","meta":{"footnotes":""},"categories":[81,76,103],"tags":[],"class_list":["post-10633","post","type-post","status-publish","format-standard","has-post-thumbnail","hentry","category-medios-de-comunicacion","category-noticias","category-video-es"],"yoast_head":"<!-- This site is optimized with the Yoast SEO plugin v22.0 - https:\/\/yoast.com\/wordpress\/plugins\/seo\/ -->\n<title>\u00a1Est\u00e1n hablando de nosotros! - CUTIS LAXA INTERNATIONALE<\/title>\n<meta name=\"robots\" content=\"index, follow, max-snippet:-1, max-image-preview:large, max-video-preview:-1\" \/>\n<link rel=\"canonical\" href=\"https:\/\/www.cutislaxa.org\/they-talk-about-us\/\" \/>\n<meta property=\"og:locale\" content=\"es_ES\" \/>\n<meta property=\"og:type\" content=\"article\" \/>\n<meta property=\"og:title\" content=\"\u00a1Est\u00e1n hablando de nosotros! - CUTIS LAXA INTERNATIONALE\" \/>\n<meta property=\"og:description\" content=\"EwenLife est\u00e1 dedicado a las enfermedades raras. Entrevistaron a Marie-Claude Boiteux para publicar videos sobre la Cutis Laxa : Lo que es, diagn\u00f3stico, tratamientos, Cutis Laxa Internacional, etc. Cada semana, el domingo, editar\u00e1n un v\u00eddeo. Hay 8. Aqu\u00ed est\u00e1 el teaser anunciando los videos en su p\u00e1gina de facebook Tambi\u00e9n hablaron de la Cutis Laxa [&hellip;]\" \/>\n<meta property=\"og:url\" content=\"https:\/\/www.cutislaxa.org\/they-talk-about-us\/\" \/>\n<meta property=\"og:site_name\" content=\"CUTIS LAXA INTERNATIONALE\" \/>\n<meta property=\"article:publisher\" content=\"https:\/\/www.facebook.com\/CutisLaxaAssociation\/\" \/>\n<meta property=\"article:published_time\" content=\"2021-04-07T15:59:36+00:00\" \/>\n<meta property=\"article:modified_time\" content=\"2021-04-11T14:57:00+00:00\" \/>\n<meta property=\"og:image\" content=\"https:\/\/www.cutislaxa.org\/wp-content\/uploads\/2021\/04\/Photo-teaser-1.jpg\" \/>\n\t<meta property=\"og:image:width\" content=\"1198\" \/>\n\t<meta property=\"og:image:height\" content=\"930\" \/>\n\t<meta property=\"og:image:type\" content=\"image\/jpeg\" \/>\n<meta name=\"author\" content=\"Marie-Claude\" \/>\n<meta name=\"twitter:card\" content=\"summary_large_image\" \/>\n<meta name=\"twitter:label1\" content=\"Escrito por\" \/>\n\t<meta name=\"twitter:data1\" content=\"Marie-Claude\" \/>\n<script type=\"application\/ld+json\" class=\"yoast-schema-graph\">{\"@context\":\"https:\/\/schema.org\",\"@graph\":[{\"@type\":\"Article\",\"@id\":\"https:\/\/www.cutislaxa.org\/they-talk-about-us\/#article\",\"isPartOf\":{\"@id\":\"https:\/\/www.cutislaxa.org\/they-talk-about-us\/\"},\"author\":{\"name\":\"Marie-Claude\",\"@id\":\"https:\/\/www.cutislaxa.org\/#\/schema\/person\/2b5e58dca5a6f412607f985f2823d045\"},\"headline\":\"\u00a1Est\u00e1n hablando de nosotros!\",\"datePublished\":\"2021-04-07T15:59:36+00:00\",\"dateModified\":\"2021-04-11T14:57:00+00:00\",\"mainEntityOfPage\":{\"@id\":\"https:\/\/www.cutislaxa.org\/they-talk-about-us\/\"},\"wordCount\":85,\"publisher\":{\"@id\":\"https:\/\/www.cutislaxa.org\/#organization\"},\"articleSection\":[\"Medios de Comunicaci\u00f3n\",\"Noticias\",\"Video\"],\"inLanguage\":\"es\"},{\"@type\":\"WebPage\",\"@id\":\"https:\/\/www.cutislaxa.org\/they-talk-about-us\/\",\"url\":\"https:\/\/www.cutislaxa.org\/they-talk-about-us\/\",\"name\":\"\u00a1Est\u00e1n hablando de nosotros! - CUTIS LAXA INTERNATIONALE\",\"isPartOf\":{\"@id\":\"https:\/\/www.cutislaxa.org\/#website\"},\"datePublished\":\"2021-04-07T15:59:36+00:00\",\"dateModified\":\"2021-04-11T14:57:00+00:00\",\"breadcrumb\":{\"@id\":\"https:\/\/www.cutislaxa.org\/they-talk-about-us\/#breadcrumb\"},\"inLanguage\":\"es\",\"potentialAction\":[{\"@type\":\"ReadAction\",\"target\":[\"https:\/\/www.cutislaxa.org\/they-talk-about-us\/\"]}]},{\"@type\":\"BreadcrumbList\",\"@id\":\"https:\/\/www.cutislaxa.org\/they-talk-about-us\/#breadcrumb\",\"itemListElement\":[{\"@type\":\"ListItem\",\"position\":1,\"name\":\"Home\",\"item\":\"https:\/\/www.cutislaxa.org\/es\/bienvenida\/\"},{\"@type\":\"ListItem\",\"position\":2,\"name\":\"\u00a1Est\u00e1n hablando de nosotros!\"}]},{\"@type\":\"WebSite\",\"@id\":\"https:\/\/www.cutislaxa.org\/#website\",\"url\":\"https:\/\/www.cutislaxa.org\/\",\"name\":\"CUTIS LAXA INTERNATIONALE\",\"description\":\"\",\"publisher\":{\"@id\":\"https:\/\/www.cutislaxa.org\/#organization\"},\"potentialAction\":[{\"@type\":\"SearchAction\",\"target\":{\"@type\":\"EntryPoint\",\"urlTemplate\":\"https:\/\/www.cutislaxa.org\/?s={search_term_string}\"},\"query-input\":\"required name=search_term_string\"}],\"inLanguage\":\"es\"},{\"@type\":\"Organization\",\"@id\":\"https:\/\/www.cutislaxa.org\/#organization\",\"name\":\"Cutis Laxa Internationale\",\"url\":\"https:\/\/www.cutislaxa.org\/\",\"logo\":{\"@type\":\"ImageObject\",\"inLanguage\":\"es\",\"@id\":\"https:\/\/www.cutislaxa.org\/#\/schema\/logo\/image\/\",\"url\":\"https:\/\/www.cutislaxa.org\/wp-content\/uploads\/2017\/12\/NEW-LOGO-CLI-4.png\",\"contentUrl\":\"https:\/\/www.cutislaxa.org\/wp-content\/uploads\/2017\/12\/NEW-LOGO-CLI-4.png\",\"width\":417,\"height\":120,\"caption\":\"Cutis Laxa Internationale\"},\"image\":{\"@id\":\"https:\/\/www.cutislaxa.org\/#\/schema\/logo\/image\/\"},\"sameAs\":[\"https:\/\/www.facebook.com\/CutisLaxaAssociation\/\"]},{\"@type\":\"Person\",\"@id\":\"https:\/\/www.cutislaxa.org\/#\/schema\/person\/2b5e58dca5a6f412607f985f2823d045\",\"name\":\"Marie-Claude\",\"image\":{\"@type\":\"ImageObject\",\"inLanguage\":\"es\",\"@id\":\"https:\/\/www.cutislaxa.org\/#\/schema\/person\/image\/\",\"url\":\"https:\/\/secure.gravatar.com\/avatar\/f56014046df7c736afcf45ec2d3ba3e6?s=96&d=mm&r=g\",\"contentUrl\":\"https:\/\/secure.gravatar.com\/avatar\/f56014046df7c736afcf45ec2d3ba3e6?s=96&d=mm&r=g\",\"caption\":\"Marie-Claude\"}}]}<\/script>\n<!-- \/ Yoast SEO plugin. -->","yoast_head_json":{"title":"\u00a1Est\u00e1n hablando de nosotros! - CUTIS LAXA INTERNATIONALE","robots":{"index":"index","follow":"follow","max-snippet":"max-snippet:-1","max-image-preview":"max-image-preview:large","max-video-preview":"max-video-preview:-1"},"canonical":"https:\/\/www.cutislaxa.org\/they-talk-about-us\/","og_locale":"es_ES","og_type":"article","og_title":"\u00a1Est\u00e1n hablando de nosotros! - CUTIS LAXA INTERNATIONALE","og_description":"EwenLife est\u00e1 dedicado a las enfermedades raras. Entrevistaron a Marie-Claude Boiteux para publicar videos sobre la Cutis Laxa : Lo que es, diagn\u00f3stico, tratamientos, Cutis Laxa Internacional, etc. Cada semana, el domingo, editar\u00e1n un v\u00eddeo. Hay 8. Aqu\u00ed est\u00e1 el teaser anunciando los videos en su p\u00e1gina de facebook Tambi\u00e9n hablaron de la Cutis Laxa [&hellip;]","og_url":"https:\/\/www.cutislaxa.org\/they-talk-about-us\/","og_site_name":"CUTIS LAXA INTERNATIONALE","article_publisher":"https:\/\/www.facebook.com\/CutisLaxaAssociation\/","article_published_time":"2021-04-07T15:59:36+00:00","article_modified_time":"2021-04-11T14:57:00+00:00","og_image":[{"width":1198,"height":930,"url":"https:\/\/www.cutislaxa.org\/wp-content\/uploads\/2021\/04\/Photo-teaser-1.jpg","type":"image\/jpeg"}],"author":"Marie-Claude","twitter_card":"summary_large_image","twitter_misc":{"Escrito por":"Marie-Claude"},"schema":{"@context":"https:\/\/schema.org","@graph":[{"@type":"Article","@id":"https:\/\/www.cutislaxa.org\/they-talk-about-us\/#article","isPartOf":{"@id":"https:\/\/www.cutislaxa.org\/they-talk-about-us\/"},"author":{"name":"Marie-Claude","@id":"https:\/\/www.cutislaxa.org\/#\/schema\/person\/2b5e58dca5a6f412607f985f2823d045"},"headline":"\u00a1Est\u00e1n hablando de nosotros!","datePublished":"2021-04-07T15:59:36+00:00","dateModified":"2021-04-11T14:57:00+00:00","mainEntityOfPage":{"@id":"https:\/\/www.cutislaxa.org\/they-talk-about-us\/"},"wordCount":85,"publisher":{"@id":"https:\/\/www.cutislaxa.org\/#organization"},"articleSection":["Medios de Comunicaci\u00f3n","Noticias","Video"],"inLanguage":"es"},{"@type":"WebPage","@id":"https:\/\/www.cutislaxa.org\/they-talk-about-us\/","url":"https:\/\/www.cutislaxa.org\/they-talk-about-us\/","name":"\u00a1Est\u00e1n hablando de nosotros! - CUTIS LAXA INTERNATIONALE","isPartOf":{"@id":"https:\/\/www.cutislaxa.org\/#website"},"datePublished":"2021-04-07T15:59:36+00:00","dateModified":"2021-04-11T14:57:00+00:00","breadcrumb":{"@id":"https:\/\/www.cutislaxa.org\/they-talk-about-us\/#breadcrumb"},"inLanguage":"es","potentialAction":[{"@type":"ReadAction","target":["https:\/\/www.cutislaxa.org\/they-talk-about-us\/"]}]},{"@type":"BreadcrumbList","@id":"https:\/\/www.cutislaxa.org\/they-talk-about-us\/#breadcrumb","itemListElement":[{"@type":"ListItem","position":1,"name":"Home","item":"https:\/\/www.cutislaxa.org\/es\/bienvenida\/"},{"@type":"ListItem","position":2,"name":"\u00a1Est\u00e1n hablando de nosotros!"}]},{"@type":"WebSite","@id":"https:\/\/www.cutislaxa.org\/#website","url":"https:\/\/www.cutislaxa.org\/","name":"CUTIS LAXA INTERNATIONALE","description":"","publisher":{"@id":"https:\/\/www.cutislaxa.org\/#organization"},"potentialAction":[{"@type":"SearchAction","target":{"@type":"EntryPoint","urlTemplate":"https:\/\/www.cutislaxa.org\/?s={search_term_string}"},"query-input":"required name=search_term_string"}],"inLanguage":"es"},{"@type":"Organization","@id":"https:\/\/www.cutislaxa.org\/#organization","name":"Cutis Laxa Internationale","url":"https:\/\/www.cutislaxa.org\/","logo":{"@type":"ImageObject","inLanguage":"es","@id":"https:\/\/www.cutislaxa.org\/#\/schema\/logo\/image\/","url":"https:\/\/www.cutislaxa.org\/wp-content\/uploads\/2017\/12\/NEW-LOGO-CLI-4.png","contentUrl":"https:\/\/www.cutislaxa.org\/wp-content\/uploads\/2017\/12\/NEW-LOGO-CLI-4.png","width":417,"height":120,"caption":"Cutis Laxa Internationale"},"image":{"@id":"https:\/\/www.cutislaxa.org\/#\/schema\/logo\/image\/"},"sameAs":["https:\/\/www.facebook.com\/CutisLaxaAssociation\/"]},{"@type":"Person","@id":"https:\/\/www.cutislaxa.org\/#\/schema\/person\/2b5e58dca5a6f412607f985f2823d045","name":"Marie-Claude","image":{"@type":"ImageObject","inLanguage":"es","@id":"https:\/\/www.cutislaxa.org\/#\/schema\/person\/image\/","url":"https:\/\/secure.gravatar.com\/avatar\/f56014046df7c736afcf45ec2d3ba3e6?s=96&d=mm&r=g","contentUrl":"https:\/\/secure.gravatar.com\/avatar\/f56014046df7c736afcf45ec2d3ba3e6?s=96&d=mm&r=g","caption":"Marie-Claude"}}]}},"_links":{"self":[{"href":"https:\/\/www.cutislaxa.org\/es\/wp-json\/wp\/v2\/posts\/10633","targetHints":{"allow":["GET"]}}],"collection":[{"href":"https:\/\/www.cutislaxa.org\/es\/wp-json\/wp\/v2\/posts"}],"about":[{"href":"https:\/\/www.cutislaxa.org\/es\/wp-json\/wp\/v2\/types\/post"}],"author":[{"embeddable":true,"href":"https:\/\/www.cutislaxa.org\/es\/wp-json\/wp\/v2\/users\/2"}],"replies":[{"embeddable":true,"href":"https:\/\/www.cutislaxa.org\/es\/wp-json\/wp\/v2\/comments?post=10633"}],"version-history":[{"count":4,"href":"https:\/\/www.cutislaxa.org\/es\/wp-json\/wp\/v2\/posts\/10633\/revisions"}],"predecessor-version":[{"id":10739,"href":"https:\/\/www.cutislaxa.org\/es\/wp-json\/wp\/v2\/posts\/10633\/revisions\/10739"}],"wp:featuredmedia":[{"embeddable":true,"href":"https:\/\/www.cutislaxa.org\/es\/wp-json\/wp\/v2\/media\/10626"}],"wp:attachment":[{"href":"https:\/\/www.cutislaxa.org\/es\/wp-json\/wp\/v2\/media?parent=10633"}],"wp:term":[{"taxonomy":"category","embeddable":true,"href":"https:\/\/www.cutislaxa.org\/es\/wp-json\/wp\/v2\/categories?post=10633"},{"taxonomy":"post_tag","embeddable":true,"href":"https:\/\/www.cutislaxa.org\/es\/wp-json\/wp\/v2\/tags?post=10633"}],"curies":[{"name":"wp","href":"https:\/\/api.w.org\/{rel}","templated":true}]}}