{"id":10200,"date":"2020-12-22T16:14:00","date_gmt":"2020-12-22T15:14:00","guid":{"rendered":"http:\/\/www.cutislaxa.org\/?p=10200"},"modified":"2020-12-22T16:14:00","modified_gmt":"2020-12-22T15:14:00","slug":"hace-20-anos","status":"publish","type":"post","link":"https:\/\/www.cutislaxa.org\/es\/hace-20-anos\/","title":{"rendered":"HACE 20 A\u00d1OS&#8230;"},"content":{"rendered":"<div id=\"trtext\">\n<p><span id=\"s2_1\">C\u00e9cile fue diagnosticada en 1992.<\/span><\/p>\n<p><span id=\"s2_2\">Ocho a\u00f1os m\u00e1s tarde, apareci\u00f3 por primera vez en las pantallas de televisi\u00f3n.<\/span><\/p>\n<p><span id=\"s2_3\">El 11 de noviembre de 2001 fundamos Cutis Laxa Internacional.<\/span> <span id=\"s2_4\">Pero no hab\u00eda programa de investigaci\u00f3n.<\/span> <span id=\"s2_5\">Conoc\u00edamos a 9 enfermos.<\/span><\/p>\n<p><span id=\"s2_6\">Un mes m\u00e1s tarde lanzamos una llamada a las pantallas de televisi\u00f3n durante el Telet\u00f3n.<\/span> <span id=\"s2_7\">Se necesitaba una d\u00e9cima persona enferma para iniciar un programa de investigaci\u00f3n.<\/span><\/p>\n<p><span id=\"s2_8\">Annie Moissin, entonces responsable de las relaciones con los enfermos por las enfermedades hu\u00e9rfanas, escuch\u00f3 esta llamada.<\/span> <span id=\"s2_9\"><a href=\"https:\/\/www.solhand.org\/coups_de_coeur\/cecile-un-10eme-cas-a-tout-prix\">Aqu\u00ed<\/a> (en frances) dice lo que pas\u00f3 despu\u00e9s.<\/span><\/p>\n<p><span id=\"s2_10\">Gracias a ti, Annie,<\/span><\/p>\n<div class=\"textarea-wrapper textarea-wrapper-2\">\n<div id=\"trpar\">\n<p><span id=\"s2_1\">Gracias a Solhand, de la cual t\u00fa eres hoy la Presidenta,<\/span><\/p>\n<p><span id=\"s2_2\">S\u00f3lo uno no puede hacer nada, muchos son m\u00e1s fuertes y van m\u00e1s all\u00e1.<\/span><\/p>\n<p><span id=\"s2_3\">Marie-Claude Boiteux<\/span><\/p>\n<p><span id=\"s2_4\">Presidenta de Cutis Laxa Internacional, madre de C\u00e9cile<\/span><\/p>\n<\/div>\n<\/div>\n<\/div>\n<div><\/div>\n<div><\/div>\n","protected":false},"excerpt":{"rendered":"<p>C\u00e9cile fue diagnosticada en 1992. Ocho a\u00f1os m\u00e1s tarde, apareci\u00f3 por primera vez en las pantallas de televisi\u00f3n. El 11 de noviembre de 2001 fundamos Cutis Laxa Internacional. Pero no hab\u00eda programa de investigaci\u00f3n. Conoc\u00edamos a 9 enfermos. Un mes m\u00e1s tarde lanzamos una llamada a las pantallas de televisi\u00f3n durante el Telet\u00f3n. Se necesitaba [&hellip;]<\/p>\n","protected":false},"author":2,"featured_media":10194,"comment_status":"closed","ping_status":"closed","sticky":false,"template":"","format":"standard","meta":{"footnotes":""},"categories":[77,81,76,78],"tags":[],"class_list":["post-10200","post","type-post","status-publish","format-standard","has-post-thumbnail","hentry","category-encuentros-acontecimientos-y-manifestaciones","category-medios-de-comunicacion","category-noticias","category-nuevos-contactos-nuevas-familias"],"yoast_head":"<!-- This site is optimized with the Yoast SEO plugin v22.0 - https:\/\/yoast.com\/wordpress\/plugins\/seo\/ -->\n<title>HACE 20 A\u00d1OS... - CUTIS LAXA INTERNATIONALE<\/title>\n<meta name=\"robots\" content=\"index, follow, max-snippet:-1, max-image-preview:large, max-video-preview:-1\" \/>\n<link rel=\"canonical\" href=\"https:\/\/www.cutislaxa.org\/20-years-ago\/\" \/>\n<meta property=\"og:locale\" content=\"es_ES\" \/>\n<meta property=\"og:type\" content=\"article\" \/>\n<meta property=\"og:title\" content=\"HACE 20 A\u00d1OS... - CUTIS LAXA INTERNATIONALE\" \/>\n<meta property=\"og:description\" content=\"C\u00e9cile fue diagnosticada en 1992. Ocho a\u00f1os m\u00e1s tarde, apareci\u00f3 por primera vez en las pantallas de televisi\u00f3n. El 11 de noviembre de 2001 fundamos Cutis Laxa Internacional. Pero no hab\u00eda programa de investigaci\u00f3n. Conoc\u00edamos a 9 enfermos. Un mes m\u00e1s tarde lanzamos una llamada a las pantallas de televisi\u00f3n durante el Telet\u00f3n. Se necesitaba [&hellip;]\" \/>\n<meta property=\"og:url\" content=\"https:\/\/www.cutislaxa.org\/20-years-ago\/\" \/>\n<meta property=\"og:site_name\" content=\"CUTIS LAXA INTERNATIONALE\" \/>\n<meta property=\"article:publisher\" content=\"https:\/\/www.facebook.com\/CutisLaxaAssociation\/\" \/>\n<meta property=\"article:published_time\" content=\"2020-12-22T15:14:00+00:00\" \/>\n<meta property=\"og:image\" content=\"https:\/\/www.cutislaxa.org\/wp-content\/uploads\/2020\/12\/2002.jpg\" \/>\n\t<meta property=\"og:image:width\" content=\"512\" \/>\n\t<meta property=\"og:image:height\" content=\"384\" \/>\n\t<meta property=\"og:image:type\" content=\"image\/jpeg\" \/>\n<meta name=\"author\" content=\"Marie-Claude\" \/>\n<meta name=\"twitter:card\" content=\"summary_large_image\" \/>\n<meta name=\"twitter:label1\" content=\"Escrito por\" \/>\n\t<meta name=\"twitter:data1\" content=\"Marie-Claude\" \/>\n\t<meta name=\"twitter:label2\" content=\"Tiempo de lectura\" \/>\n\t<meta name=\"twitter:data2\" content=\"1 minuto\" \/>\n<script type=\"application\/ld+json\" class=\"yoast-schema-graph\">{\"@context\":\"https:\/\/schema.org\",\"@graph\":[{\"@type\":\"Article\",\"@id\":\"https:\/\/www.cutislaxa.org\/20-years-ago\/#article\",\"isPartOf\":{\"@id\":\"https:\/\/www.cutislaxa.org\/20-years-ago\/\"},\"author\":{\"name\":\"Marie-Claude\",\"@id\":\"https:\/\/www.cutislaxa.org\/#\/schema\/person\/2b5e58dca5a6f412607f985f2823d045\"},\"headline\":\"HACE 20 A\u00d1OS&#8230;\",\"datePublished\":\"2020-12-22T15:14:00+00:00\",\"dateModified\":\"2020-12-22T15:14:00+00:00\",\"mainEntityOfPage\":{\"@id\":\"https:\/\/www.cutislaxa.org\/20-years-ago\/\"},\"wordCount\":146,\"publisher\":{\"@id\":\"https:\/\/www.cutislaxa.org\/#organization\"},\"articleSection\":[\"Encuentros, Acontecimientos y Manifestaciones\",\"Medios de Comunicaci\u00f3n\",\"Noticias\",\"Nuevos Contactos, Nuevas Familias\"],\"inLanguage\":\"es\"},{\"@type\":\"WebPage\",\"@id\":\"https:\/\/www.cutislaxa.org\/20-years-ago\/\",\"url\":\"https:\/\/www.cutislaxa.org\/20-years-ago\/\",\"name\":\"HACE 20 A\u00d1OS... - CUTIS LAXA INTERNATIONALE\",\"isPartOf\":{\"@id\":\"https:\/\/www.cutislaxa.org\/#website\"},\"datePublished\":\"2020-12-22T15:14:00+00:00\",\"dateModified\":\"2020-12-22T15:14:00+00:00\",\"breadcrumb\":{\"@id\":\"https:\/\/www.cutislaxa.org\/20-years-ago\/#breadcrumb\"},\"inLanguage\":\"es\",\"potentialAction\":[{\"@type\":\"ReadAction\",\"target\":[\"https:\/\/www.cutislaxa.org\/20-years-ago\/\"]}]},{\"@type\":\"BreadcrumbList\",\"@id\":\"https:\/\/www.cutislaxa.org\/20-years-ago\/#breadcrumb\",\"itemListElement\":[{\"@type\":\"ListItem\",\"position\":1,\"name\":\"Home\",\"item\":\"https:\/\/www.cutislaxa.org\/es\/bienvenida\/\"},{\"@type\":\"ListItem\",\"position\":2,\"name\":\"HACE 20 A\u00d1OS&#8230;\"}]},{\"@type\":\"WebSite\",\"@id\":\"https:\/\/www.cutislaxa.org\/#website\",\"url\":\"https:\/\/www.cutislaxa.org\/\",\"name\":\"CUTIS LAXA INTERNATIONALE\",\"description\":\"\",\"publisher\":{\"@id\":\"https:\/\/www.cutislaxa.org\/#organization\"},\"potentialAction\":[{\"@type\":\"SearchAction\",\"target\":{\"@type\":\"EntryPoint\",\"urlTemplate\":\"https:\/\/www.cutislaxa.org\/?s={search_term_string}\"},\"query-input\":\"required name=search_term_string\"}],\"inLanguage\":\"es\"},{\"@type\":\"Organization\",\"@id\":\"https:\/\/www.cutislaxa.org\/#organization\",\"name\":\"Cutis Laxa Internationale\",\"url\":\"https:\/\/www.cutislaxa.org\/\",\"logo\":{\"@type\":\"ImageObject\",\"inLanguage\":\"es\",\"@id\":\"https:\/\/www.cutislaxa.org\/#\/schema\/logo\/image\/\",\"url\":\"https:\/\/www.cutislaxa.org\/wp-content\/uploads\/2017\/12\/NEW-LOGO-CLI-4.png\",\"contentUrl\":\"https:\/\/www.cutislaxa.org\/wp-content\/uploads\/2017\/12\/NEW-LOGO-CLI-4.png\",\"width\":417,\"height\":120,\"caption\":\"Cutis Laxa Internationale\"},\"image\":{\"@id\":\"https:\/\/www.cutislaxa.org\/#\/schema\/logo\/image\/\"},\"sameAs\":[\"https:\/\/www.facebook.com\/CutisLaxaAssociation\/\"]},{\"@type\":\"Person\",\"@id\":\"https:\/\/www.cutislaxa.org\/#\/schema\/person\/2b5e58dca5a6f412607f985f2823d045\",\"name\":\"Marie-Claude\",\"image\":{\"@type\":\"ImageObject\",\"inLanguage\":\"es\",\"@id\":\"https:\/\/www.cutislaxa.org\/#\/schema\/person\/image\/\",\"url\":\"https:\/\/secure.gravatar.com\/avatar\/f56014046df7c736afcf45ec2d3ba3e6?s=96&d=mm&r=g\",\"contentUrl\":\"https:\/\/secure.gravatar.com\/avatar\/f56014046df7c736afcf45ec2d3ba3e6?s=96&d=mm&r=g\",\"caption\":\"Marie-Claude\"}}]}<\/script>\n<!-- \/ Yoast SEO plugin. -->","yoast_head_json":{"title":"HACE 20 A\u00d1OS... - CUTIS LAXA INTERNATIONALE","robots":{"index":"index","follow":"follow","max-snippet":"max-snippet:-1","max-image-preview":"max-image-preview:large","max-video-preview":"max-video-preview:-1"},"canonical":"https:\/\/www.cutislaxa.org\/20-years-ago\/","og_locale":"es_ES","og_type":"article","og_title":"HACE 20 A\u00d1OS... - CUTIS LAXA INTERNATIONALE","og_description":"C\u00e9cile fue diagnosticada en 1992. Ocho a\u00f1os m\u00e1s tarde, apareci\u00f3 por primera vez en las pantallas de televisi\u00f3n. El 11 de noviembre de 2001 fundamos Cutis Laxa Internacional. Pero no hab\u00eda programa de investigaci\u00f3n. Conoc\u00edamos a 9 enfermos. Un mes m\u00e1s tarde lanzamos una llamada a las pantallas de televisi\u00f3n durante el Telet\u00f3n. Se necesitaba [&hellip;]","og_url":"https:\/\/www.cutislaxa.org\/20-years-ago\/","og_site_name":"CUTIS LAXA INTERNATIONALE","article_publisher":"https:\/\/www.facebook.com\/CutisLaxaAssociation\/","article_published_time":"2020-12-22T15:14:00+00:00","og_image":[{"width":512,"height":384,"url":"https:\/\/www.cutislaxa.org\/wp-content\/uploads\/2020\/12\/2002.jpg","type":"image\/jpeg"}],"author":"Marie-Claude","twitter_card":"summary_large_image","twitter_misc":{"Escrito por":"Marie-Claude","Tiempo de lectura":"1 minuto"},"schema":{"@context":"https:\/\/schema.org","@graph":[{"@type":"Article","@id":"https:\/\/www.cutislaxa.org\/20-years-ago\/#article","isPartOf":{"@id":"https:\/\/www.cutislaxa.org\/20-years-ago\/"},"author":{"name":"Marie-Claude","@id":"https:\/\/www.cutislaxa.org\/#\/schema\/person\/2b5e58dca5a6f412607f985f2823d045"},"headline":"HACE 20 A\u00d1OS&#8230;","datePublished":"2020-12-22T15:14:00+00:00","dateModified":"2020-12-22T15:14:00+00:00","mainEntityOfPage":{"@id":"https:\/\/www.cutislaxa.org\/20-years-ago\/"},"wordCount":146,"publisher":{"@id":"https:\/\/www.cutislaxa.org\/#organization"},"articleSection":["Encuentros, Acontecimientos y Manifestaciones","Medios de Comunicaci\u00f3n","Noticias","Nuevos Contactos, Nuevas Familias"],"inLanguage":"es"},{"@type":"WebPage","@id":"https:\/\/www.cutislaxa.org\/20-years-ago\/","url":"https:\/\/www.cutislaxa.org\/20-years-ago\/","name":"HACE 20 A\u00d1OS... - CUTIS LAXA INTERNATIONALE","isPartOf":{"@id":"https:\/\/www.cutislaxa.org\/#website"},"datePublished":"2020-12-22T15:14:00+00:00","dateModified":"2020-12-22T15:14:00+00:00","breadcrumb":{"@id":"https:\/\/www.cutislaxa.org\/20-years-ago\/#breadcrumb"},"inLanguage":"es","potentialAction":[{"@type":"ReadAction","target":["https:\/\/www.cutislaxa.org\/20-years-ago\/"]}]},{"@type":"BreadcrumbList","@id":"https:\/\/www.cutislaxa.org\/20-years-ago\/#breadcrumb","itemListElement":[{"@type":"ListItem","position":1,"name":"Home","item":"https:\/\/www.cutislaxa.org\/es\/bienvenida\/"},{"@type":"ListItem","position":2,"name":"HACE 20 A\u00d1OS&#8230;"}]},{"@type":"WebSite","@id":"https:\/\/www.cutislaxa.org\/#website","url":"https:\/\/www.cutislaxa.org\/","name":"CUTIS LAXA INTERNATIONALE","description":"","publisher":{"@id":"https:\/\/www.cutislaxa.org\/#organization"},"potentialAction":[{"@type":"SearchAction","target":{"@type":"EntryPoint","urlTemplate":"https:\/\/www.cutislaxa.org\/?s={search_term_string}"},"query-input":"required name=search_term_string"}],"inLanguage":"es"},{"@type":"Organization","@id":"https:\/\/www.cutislaxa.org\/#organization","name":"Cutis Laxa Internationale","url":"https:\/\/www.cutislaxa.org\/","logo":{"@type":"ImageObject","inLanguage":"es","@id":"https:\/\/www.cutislaxa.org\/#\/schema\/logo\/image\/","url":"https:\/\/www.cutislaxa.org\/wp-content\/uploads\/2017\/12\/NEW-LOGO-CLI-4.png","contentUrl":"https:\/\/www.cutislaxa.org\/wp-content\/uploads\/2017\/12\/NEW-LOGO-CLI-4.png","width":417,"height":120,"caption":"Cutis Laxa Internationale"},"image":{"@id":"https:\/\/www.cutislaxa.org\/#\/schema\/logo\/image\/"},"sameAs":["https:\/\/www.facebook.com\/CutisLaxaAssociation\/"]},{"@type":"Person","@id":"https:\/\/www.cutislaxa.org\/#\/schema\/person\/2b5e58dca5a6f412607f985f2823d045","name":"Marie-Claude","image":{"@type":"ImageObject","inLanguage":"es","@id":"https:\/\/www.cutislaxa.org\/#\/schema\/person\/image\/","url":"https:\/\/secure.gravatar.com\/avatar\/f56014046df7c736afcf45ec2d3ba3e6?s=96&d=mm&r=g","contentUrl":"https:\/\/secure.gravatar.com\/avatar\/f56014046df7c736afcf45ec2d3ba3e6?s=96&d=mm&r=g","caption":"Marie-Claude"}}]}},"_links":{"self":[{"href":"https:\/\/www.cutislaxa.org\/es\/wp-json\/wp\/v2\/posts\/10200","targetHints":{"allow":["GET"]}}],"collection":[{"href":"https:\/\/www.cutislaxa.org\/es\/wp-json\/wp\/v2\/posts"}],"about":[{"href":"https:\/\/www.cutislaxa.org\/es\/wp-json\/wp\/v2\/types\/post"}],"author":[{"embeddable":true,"href":"https:\/\/www.cutislaxa.org\/es\/wp-json\/wp\/v2\/users\/2"}],"replies":[{"embeddable":true,"href":"https:\/\/www.cutislaxa.org\/es\/wp-json\/wp\/v2\/comments?post=10200"}],"version-history":[{"count":2,"href":"https:\/\/www.cutislaxa.org\/es\/wp-json\/wp\/v2\/posts\/10200\/revisions"}],"predecessor-version":[{"id":10208,"href":"https:\/\/www.cutislaxa.org\/es\/wp-json\/wp\/v2\/posts\/10200\/revisions\/10208"}],"wp:featuredmedia":[{"embeddable":true,"href":"https:\/\/www.cutislaxa.org\/es\/wp-json\/wp\/v2\/media\/10194"}],"wp:attachment":[{"href":"https:\/\/www.cutislaxa.org\/es\/wp-json\/wp\/v2\/media?parent=10200"}],"wp:term":[{"taxonomy":"category","embeddable":true,"href":"https:\/\/www.cutislaxa.org\/es\/wp-json\/wp\/v2\/categories?post=10200"},{"taxonomy":"post_tag","embeddable":true,"href":"https:\/\/www.cutislaxa.org\/es\/wp-json\/wp\/v2\/tags?post=10200"}],"curies":[{"name":"wp","href":"https:\/\/api.w.org\/{rel}","templated":true}]}}